{"id":952,"date":"2018-07-22T08:39:51","date_gmt":"2018-07-22T06:39:51","guid":{"rendered":"http:\/\/vjencanja.covermagazin.com\/?p=952"},"modified":"2018-08-27T11:45:28","modified_gmt":"2018-08-27T09:45:28","slug":"teme-za-vjencanje-sarmantni-vrt","status":"publish","type":"post","link":"https:\/\/vjencanja.covermagazin.com\/?p=952","title":{"rendered":"Teme za vjen\u010danje: \u0161armantni vrt"},"content":{"rendered":"<h3><a href=\"https:\/\/vjencanja.covermagazin.com\/wp-content\/uploads\/2016\/11\/tema_vrta_na_vjencanju.jpg\"><img loading=\"lazy\" decoding=\"async\" class=\"alignnone size-full wp-image-7047\" src=\"https:\/\/vjencanja.covermagazin.com\/wp-content\/uploads\/2016\/11\/tema_vrta_na_vjencanju.jpg\" alt=\"\" width=\"600\" height=\"401\" \/><\/a><\/h3>\n<h3>Teme za vjen\u010danje: \u0161armantni vrt<\/h3>\n<p>Boja breskve i nje\u017eno ru\u017ei\u010dasta idealne su boje za vrtna vjen\u010danja. Te dvije boje su nje\u017ene, neuo\u010dljive, a super odgovaraju uz bijelu, temeljnu boju svakog vjen\u010danja.<\/p>\n<p><a href=\"http:\/\/vjencanja.covermagazin.com\/wp-content\/uploads\/2009\/05\/sarmantni-vrt-1.jpg\"><img loading=\"lazy\" decoding=\"async\" class=\"aligncenter size-full wp-image-953\" title=\"sarmantni-vrt-1\" src=\"http:\/\/vjencanja.covermagazin.com\/wp-content\/uploads\/2009\/05\/sarmantni-vrt-1.jpg\" alt=\"sarmantni-vrt-1\" width=\"400\" height=\"400\" \/><\/a><\/p>\n<p><a href=\"http:\/\/vjencanja.covermagazin.com\/wp-content\/uploads\/2009\/05\/sarmantni-vrt-2.jpg\"><img loading=\"lazy\" decoding=\"async\" class=\"aligncenter size-full wp-image-954\" title=\"sarmantni-vrt-2\" src=\"http:\/\/vjencanja.covermagazin.com\/wp-content\/uploads\/2009\/05\/sarmantni-vrt-2.jpg\" alt=\"sarmantni-vrt-2\" width=\"400\" height=\"400\" \/><\/a><\/p>\n<p><a href=\"http:\/\/vjencanja.covermagazin.com\/wp-content\/uploads\/2009\/05\/sarmantni-vrt-3.jpg\"><img loading=\"lazy\" decoding=\"async\" class=\"aligncenter size-full wp-image-955\" title=\"sarmantni-vrt-3\" src=\"http:\/\/vjencanja.covermagazin.com\/wp-content\/uploads\/2009\/05\/sarmantni-vrt-3.jpg\" alt=\"sarmantni-vrt-3\" width=\"400\" height=\"400\" \/><\/a><\/p>\n<p><a href=\"http:\/\/vjencanja.covermagazin.com\/wp-content\/uploads\/2009\/05\/sarmantni-vrt-4.jpg\"><img loading=\"lazy\" decoding=\"async\" class=\"aligncenter size-full wp-image-956\" title=\"sarmantni-vrt-4\" src=\"http:\/\/vjencanja.covermagazin.com\/wp-content\/uploads\/2009\/05\/sarmantni-vrt-4.jpg\" alt=\"sarmantni-vrt-4\" width=\"400\" height=\"400\" \/><\/a><\/p>\n<p><a href=\"http:\/\/vjencanja.covermagazin.com\/wp-content\/uploads\/2009\/05\/sarmantni-vrt-5.jpg\"><img loading=\"lazy\" decoding=\"async\" class=\"aligncenter size-full wp-image-957\" title=\"sarmantni-vrt-5\" src=\"http:\/\/vjencanja.covermagazin.com\/wp-content\/uploads\/2009\/05\/sarmantni-vrt-5.jpg\" alt=\"sarmantni-vrt-5\" width=\"400\" height=\"400\" \/><\/a><\/p>\n<p><a href=\"http:\/\/vjencanja.covermagazin.com\/wp-content\/uploads\/2009\/05\/sarmantni-vrt-6.jpg\"><img loading=\"lazy\" decoding=\"async\" class=\"aligncenter size-full wp-image-958\" title=\"sarmantni-vrt-6\" src=\"http:\/\/vjencanja.covermagazin.com\/wp-content\/uploads\/2009\/05\/sarmantni-vrt-6.jpg\" alt=\"sarmantni-vrt-6\" width=\"400\" height=\"400\" \/><\/a><\/p>\n<p><a href=\"http:\/\/vjencanja.covermagazin.com\/wp-content\/uploads\/2009\/05\/sarmantni-vrt-7.jpg\"><img loading=\"lazy\" decoding=\"async\" class=\"aligncenter size-full wp-image-959\" title=\"sarmantni-vrt-7\" src=\"http:\/\/vjencanja.covermagazin.com\/wp-content\/uploads\/2009\/05\/sarmantni-vrt-7.jpg\" alt=\"sarmantni-vrt-7\" width=\"400\" height=\"400\" \/><\/a><\/p>\n<p><strong>Stvarne mladenke ka\u017eu:<\/strong><\/p>\n<p>Iako se sve \u010de\u0161\u0107e u zadnje vrijeme vjen\u010danja organiziraju u vrtovima, na seoskim imanjima i sli\u010dno, mislim da je ova ideja kao ideja za dekoriranje vjen\u010danja u sali jednako dobra. Na taj na\u010din bi se dobiio neki mix modenrnog i tradicionalnog vjen\u010danja \u0161to bi moglo biti jako zanimljivo vjen\u010danje, a opet dovoljno posebno.<br \/>\nZeleni tepih na podiju mo\u017ee ostavljati dojam trave, a ako okolo se stave zaze s cvije\u0107em, gosti mogu dobiti dojam kao da ple\u0161u u vrtu.<\/p>\n","protected":false},"excerpt":{"rendered":"<p>Teme za vjen\u010danje: \u0161armantni vrt &#8211; Boja breskve i nje\u017eno ru\u017ei\u010dasta idealne su boje za vrtna vjen\u010danja. Te dvije boje su nje\u017ene, neuo\u010dljive, a super odgovaraju uz bijelu, temeljnu boju svakog vjen\u010danja. <\/p>\n","protected":false},"author":1,"featured_media":0,"comment_status":"open","ping_status":"open","sticky":false,"template":"","format":"standard","meta":{"footnotes":""},"categories":[29,199],"tags":[124,125],"class_list":["post-952","post","type-post","status-publish","format-standard","hentry","category-boja_vjencanja","category-vjencanje","tag-pir","tag-svadba"],"_links":{"self":[{"href":"https:\/\/vjencanja.covermagazin.com\/index.php?rest_route=\/wp\/v2\/posts\/952","targetHints":{"allow":["GET"]}}],"collection":[{"href":"https:\/\/vjencanja.covermagazin.com\/index.php?rest_route=\/wp\/v2\/posts"}],"about":[{"href":"https:\/\/vjencanja.covermagazin.com\/index.php?rest_route=\/wp\/v2\/types\/post"}],"author":[{"embeddable":true,"href":"https:\/\/vjencanja.covermagazin.com\/index.php?rest_route=\/wp\/v2\/users\/1"}],"replies":[{"embeddable":true,"href":"https:\/\/vjencanja.covermagazin.com\/index.php?rest_route=%2Fwp%2Fv2%2Fcomments&post=952"}],"version-history":[{"count":16,"href":"https:\/\/vjencanja.covermagazin.com\/index.php?rest_route=\/wp\/v2\/posts\/952\/revisions"}],"predecessor-version":[{"id":7386,"href":"https:\/\/vjencanja.covermagazin.com\/index.php?rest_route=\/wp\/v2\/posts\/952\/revisions\/7386"}],"wp:attachment":[{"href":"https:\/\/vjencanja.covermagazin.com\/index.php?rest_route=%2Fwp%2Fv2%2Fmedia&parent=952"}],"wp:term":[{"taxonomy":"category","embeddable":true,"href":"https:\/\/vjencanja.covermagazin.com\/index.php?rest_route=%2Fwp%2Fv2%2Fcategories&post=952"},{"taxonomy":"post_tag","embeddable":true,"href":"https:\/\/vjencanja.covermagazin.com\/index.php?rest_route=%2Fwp%2Fv2%2Ftags&post=952"}],"curies":[{"name":"wp","href":"https:\/\/api.w.org\/{rel}","templated":true}]}}