{"id":925,"date":"2018-02-07T05:24:46","date_gmt":"2018-02-07T03:24:46","guid":{"rendered":"http:\/\/vjencanja.covermagazin.com\/?p=925"},"modified":"2018-02-07T05:24:46","modified_gmt":"2018-02-07T03:24:46","slug":"reem-acra-vjencanice","status":"publish","type":"post","link":"https:\/\/vjencanja.covermagazin.com\/?p=925","title":{"rendered":"Reem Acra vjen\u010danice"},"content":{"rendered":"<p>Nakon \u0161to je jo\u0161 1997. do tada anonimna dizajnerica lansirala liniju vjen\u010danica i sve\u010danih haljina postala je svjetski poznata. Njene romanti\u010dne vjen\u010danice, ali i sve\u010dane haljine prihvatile su mnoge zvijezde me\u0111u kojima su Angelina Jolie, Halle Berry, Jennifer Lopez, Ali Larter, Beyonc\u00e9\u2026<\/p>\n<p>Reem Acra vjen\u010danice za jesen i zimu 2009. odu\u0161evljavaju jednostavno\u0161\u0107u, ali istovremeno profinjeno\u0161\u0107u i elegancijom.<\/p>\n<p><a href=\"http:\/\/vjencanja.covermagazin.com\/wp-content\/uploads\/2009\/05\/reem-acra-vjencanice-za-jesen-i-zimu-2009-1.jpg\"><img loading=\"lazy\" decoding=\"async\" class=\"aligncenter size-full wp-image-926\" title=\"reem-acra-vjencanice-za-jesen-i-zimu-2009-1\" src=\"http:\/\/vjencanja.covermagazin.com\/wp-content\/uploads\/2009\/05\/reem-acra-vjencanice-za-jesen-i-zimu-2009-1.jpg\" alt=\"reem-acra-vjencanice-za-jesen-i-zimu-2009-1\" width=\"300\" height=\"450\" \/><\/a><a href=\"http:\/\/vjencanja.covermagazin.com\/wp-content\/uploads\/2009\/05\/reem-acra-vjencanice-za-jesen-i-zimu-2009-2.jpg\"><img loading=\"lazy\" decoding=\"async\" class=\"aligncenter size-full wp-image-927\" title=\"reem-acra-vjencanice-za-jesen-i-zimu-2009-2\" src=\"http:\/\/vjencanja.covermagazin.com\/wp-content\/uploads\/2009\/05\/reem-acra-vjencanice-za-jesen-i-zimu-2009-2.jpg\" alt=\"reem-acra-vjencanice-za-jesen-i-zimu-2009-2\" width=\"300\" height=\"450\" \/><\/a><a href=\"http:\/\/vjencanja.covermagazin.com\/wp-content\/uploads\/2009\/05\/reem-acra-vjencanice-za-jesen-i-zimu-2009-3.jpg\"><img loading=\"lazy\" decoding=\"async\" class=\"aligncenter size-full wp-image-928\" title=\"reem-acra-vjencanice-za-jesen-i-zimu-2009-3\" src=\"http:\/\/vjencanja.covermagazin.com\/wp-content\/uploads\/2009\/05\/reem-acra-vjencanice-za-jesen-i-zimu-2009-3.jpg\" alt=\"reem-acra-vjencanice-za-jesen-i-zimu-2009-3\" width=\"300\" height=\"450\" \/><\/a><a href=\"http:\/\/vjencanja.covermagazin.com\/wp-content\/uploads\/2009\/05\/reem-acra-vjencanice-za-jesen-i-zimu-2009-4.jpg\"><img loading=\"lazy\" decoding=\"async\" class=\"aligncenter size-full wp-image-929\" title=\"reem-acra-vjencanice-za-jesen-i-zimu-2009-4\" src=\"http:\/\/vjencanja.covermagazin.com\/wp-content\/uploads\/2009\/05\/reem-acra-vjencanice-za-jesen-i-zimu-2009-4.jpg\" alt=\"reem-acra-vjencanice-za-jesen-i-zimu-2009-4\" width=\"300\" height=\"450\" \/><\/a><a href=\"http:\/\/vjencanja.covermagazin.com\/wp-content\/uploads\/2009\/05\/reem-acra-vjencanice-za-jesen-i-zimu-2009-5.jpg\"><img loading=\"lazy\" decoding=\"async\" class=\"aligncenter size-full wp-image-930\" title=\"reem-acra-vjencanice-za-jesen-i-zimu-2009-5\" src=\"http:\/\/vjencanja.covermagazin.com\/wp-content\/uploads\/2009\/05\/reem-acra-vjencanice-za-jesen-i-zimu-2009-5.jpg\" alt=\"reem-acra-vjencanice-za-jesen-i-zimu-2009-5\" width=\"300\" height=\"450\" \/><\/a><a href=\"http:\/\/vjencanja.covermagazin.com\/wp-content\/uploads\/2009\/05\/reem-acra-vjencanice-za-jesen-i-zimu-2009-6.jpg\"><img loading=\"lazy\" decoding=\"async\" class=\"aligncenter size-full wp-image-931\" title=\"reem-acra-vjencanice-za-jesen-i-zimu-2009-6\" src=\"http:\/\/vjencanja.covermagazin.com\/wp-content\/uploads\/2009\/05\/reem-acra-vjencanice-za-jesen-i-zimu-2009-6.jpg\" alt=\"reem-acra-vjencanice-za-jesen-i-zimu-2009-6\" width=\"300\" height=\"450\" \/><\/a><\/p>\n","protected":false},"excerpt":{"rendered":"<p>Nakon \u0161to je jo\u0161 1997. do tada anonimna dizajnerica lansirala liniju vjen\u010danica i sve\u010danih haljina postala je svjetski poznata. Njene romanti\u010dne vjen\u010danice, ali i sve\u010dane haljine prihvatile su mnoge zvijezde me\u0111u kojima su Angelina Jolie, Halle Berry, Jennifer Lopez, Ali Larter, Beyonc\u00e9\u2026 Reem Acra vjen\u010danice za jesen i zimu 2009. odu\u0161evljavaju jednostavno\u0161\u0107u, ali istovremeno profinjeno\u0161\u0107u [&hellip;]<\/p>\n","protected":false},"author":1,"featured_media":0,"comment_status":"open","ping_status":"open","sticky":false,"template":"","format":"standard","meta":{"footnotes":""},"categories":[5],"tags":[124,10,125,189,20,19],"class_list":["post-925","post","type-post","status-publish","format-standard","hentry","category-vjencanice","tag-pir","tag-reem-acra","tag-svadba","tag-vjencanice","tag-vjencanja","tag-vjencanje"],"_links":{"self":[{"href":"https:\/\/vjencanja.covermagazin.com\/index.php?rest_route=\/wp\/v2\/posts\/925","targetHints":{"allow":["GET"]}}],"collection":[{"href":"https:\/\/vjencanja.covermagazin.com\/index.php?rest_route=\/wp\/v2\/posts"}],"about":[{"href":"https:\/\/vjencanja.covermagazin.com\/index.php?rest_route=\/wp\/v2\/types\/post"}],"author":[{"embeddable":true,"href":"https:\/\/vjencanja.covermagazin.com\/index.php?rest_route=\/wp\/v2\/users\/1"}],"replies":[{"embeddable":true,"href":"https:\/\/vjencanja.covermagazin.com\/index.php?rest_route=%2Fwp%2Fv2%2Fcomments&post=925"}],"version-history":[{"count":8,"href":"https:\/\/vjencanja.covermagazin.com\/index.php?rest_route=\/wp\/v2\/posts\/925\/revisions"}],"predecessor-version":[{"id":6205,"href":"https:\/\/vjencanja.covermagazin.com\/index.php?rest_route=\/wp\/v2\/posts\/925\/revisions\/6205"}],"wp:attachment":[{"href":"https:\/\/vjencanja.covermagazin.com\/index.php?rest_route=%2Fwp%2Fv2%2Fmedia&parent=925"}],"wp:term":[{"taxonomy":"category","embeddable":true,"href":"https:\/\/vjencanja.covermagazin.com\/index.php?rest_route=%2Fwp%2Fv2%2Fcategories&post=925"},{"taxonomy":"post_tag","embeddable":true,"href":"https:\/\/vjencanja.covermagazin.com\/index.php?rest_route=%2Fwp%2Fv2%2Ftags&post=925"}],"curies":[{"name":"wp","href":"https:\/\/api.w.org\/{rel}","templated":true}]}}