{"id":711,"date":"2017-09-02T12:11:54","date_gmt":"2017-09-02T10:11:54","guid":{"rendered":"http:\/\/vjencanja.covermagazin.com\/?p=711"},"modified":"2017-09-02T12:11:54","modified_gmt":"2017-09-02T10:11:54","slug":"zarucnicki-prsten-katherine-heigl","status":"publish","type":"post","link":"https:\/\/vjencanja.covermagazin.com\/?p=711","title":{"rendered":"Zaru\u010dni\u010dki prsten Katherine Heigl"},"content":{"rendered":"<p>Zaru\u010dni\u010dki prsten Katherine Heigl<\/p>\n<p>Katherine Heigl je svoj zaru\u010dni\u010dki prsten dala posebno izraditi. U nov prsten je inkorporirala dijelove zaru\u010dni\u010dkog prstena svoje majke. Prsten je dizajnirala Ryan Ryan.<br \/>\n<a href=\"http:\/\/vjencanja.covermagazin.com\/wp-content\/uploads\/2009\/05\/zarucnicki-prsten-katherine_heigl.jpg\"><img loading=\"lazy\" decoding=\"async\" class=\"aligncenter size-full wp-image-712\" title=\"zarucnicki-prsten-katherine_heigl\" src=\"http:\/\/vjencanja.covermagazin.com\/wp-content\/uploads\/2009\/05\/zarucnicki-prsten-katherine_heigl.jpg\" alt=\"zarucnicki-prsten-katherine_heigl\" width=\"500\" height=\"500\" \/><\/a><\/p>\n","protected":false},"excerpt":{"rendered":"<p>Katherine Heigl je svoj zaru\u010dni\u010dki prsten dala posebno izraditi. U nov prsten je inkorporirala dijelove zaru\u010dni\u010dkog prstena svoje majke. Prsten je dizajnirala Ryan Ryan.<\/p>\n","protected":false},"author":1,"featured_media":0,"comment_status":"open","ping_status":"open","sticky":false,"template":"","format":"standard","meta":{"footnotes":""},"categories":[33],"tags":[79,124,125,17,190],"class_list":["post-711","post","type-post","status-publish","format-standard","hentry","category-zarucnicko_prstenje","tag-katherine-heigl","tag-pir","tag-svadba","tag-zarucnicko-prstenje","tag-zaruke"],"_links":{"self":[{"href":"https:\/\/vjencanja.covermagazin.com\/index.php?rest_route=\/wp\/v2\/posts\/711","targetHints":{"allow":["GET"]}}],"collection":[{"href":"https:\/\/vjencanja.covermagazin.com\/index.php?rest_route=\/wp\/v2\/posts"}],"about":[{"href":"https:\/\/vjencanja.covermagazin.com\/index.php?rest_route=\/wp\/v2\/types\/post"}],"author":[{"embeddable":true,"href":"https:\/\/vjencanja.covermagazin.com\/index.php?rest_route=\/wp\/v2\/users\/1"}],"replies":[{"embeddable":true,"href":"https:\/\/vjencanja.covermagazin.com\/index.php?rest_route=%2Fwp%2Fv2%2Fcomments&post=711"}],"version-history":[{"count":9,"href":"https:\/\/vjencanja.covermagazin.com\/index.php?rest_route=\/wp\/v2\/posts\/711\/revisions"}],"predecessor-version":[{"id":5884,"href":"https:\/\/vjencanja.covermagazin.com\/index.php?rest_route=\/wp\/v2\/posts\/711\/revisions\/5884"}],"wp:attachment":[{"href":"https:\/\/vjencanja.covermagazin.com\/index.php?rest_route=%2Fwp%2Fv2%2Fmedia&parent=711"}],"wp:term":[{"taxonomy":"category","embeddable":true,"href":"https:\/\/vjencanja.covermagazin.com\/index.php?rest_route=%2Fwp%2Fv2%2Fcategories&post=711"},{"taxonomy":"post_tag","embeddable":true,"href":"https:\/\/vjencanja.covermagazin.com\/index.php?rest_route=%2Fwp%2Fv2%2Ftags&post=711"}],"curies":[{"name":"wp","href":"https:\/\/api.w.org\/{rel}","templated":true}]}}