{"id":610,"date":"2014-01-05T21:10:48","date_gmt":"2014-01-05T19:10:48","guid":{"rendered":"http:\/\/vjencanja.covermagazin.com\/?p=610"},"modified":"2014-01-05T21:10:48","modified_gmt":"2014-01-05T19:10:48","slug":"moderne-boje-kravate-za-vjencanje","status":"publish","type":"post","link":"https:\/\/vjencanja.covermagazin.com\/?p=610","title":{"rendered":"Moderne boje kravate za vjen\u010danje"},"content":{"rendered":"<p>Ove sezone za vjen\u010danja su vrlo moderne svijetle boje kravate. Posebno pastelne nijanse svijetlo naran\u010daste, svijetlo ru\u017ei\u010daste, boja breskve, ali i boja limete, svijetlo zelena, \u017eutozelena, te svijetlo plava.<\/p>\n<p>Za elegantan dojam izaberite jednobojnu satensku kravatu ili s kravatu koja uz osnovnu boju ima i bijele pruge, s tim da je ova kombinacija dobra samo ukoliko nosite bijelu ko\u0161ulju.<\/p>\n<p>Ove boje nije problem kombinirati s bojom odjela, budu\u0107i da se sve sla\u017eu vrlo dobro s klasi\u010dnim bojama vjen\u010danih odjela,\u00a0 te je bolje kravatu uskladiti sa mladenkinom haljinom, dodacima na vjen\u010danici\u2026<\/p>\n<p><a href=\"http:\/\/vjencanja.covermagazin.com\/wp-content\/uploads\/2009\/04\/kravate-za-vjencanja-1.jpg\"><img loading=\"lazy\" decoding=\"async\" class=\"aligncenter size-full wp-image-611\" title=\"kravate-za-vjencanja-1\" src=\"http:\/\/vjencanja.covermagazin.com\/wp-content\/uploads\/2009\/04\/kravate-za-vjencanja-1.jpg\" alt=\"kravate-za-vjencanja-1\" width=\"160\" height=\"180\" \/><\/a><\/p>\n<p><a href=\"http:\/\/vjencanja.covermagazin.com\/wp-content\/uploads\/2009\/04\/kravate-za-vjencanja-2.jpg\"><img loading=\"lazy\" decoding=\"async\" class=\"aligncenter size-full wp-image-612\" title=\"kravate-za-vjencanja-2\" src=\"http:\/\/vjencanja.covermagazin.com\/wp-content\/uploads\/2009\/04\/kravate-za-vjencanja-2.jpg\" alt=\"kravate-za-vjencanja-2\" width=\"160\" height=\"180\" \/><\/a><\/p>\n<p><a href=\"http:\/\/vjencanja.covermagazin.com\/wp-content\/uploads\/2009\/04\/kravate-za-vjencanja-3.jpg\"><img loading=\"lazy\" decoding=\"async\" class=\"aligncenter size-full wp-image-613\" title=\"kravate-za-vjencanja-3\" src=\"http:\/\/vjencanja.covermagazin.com\/wp-content\/uploads\/2009\/04\/kravate-za-vjencanja-3.jpg\" alt=\"kravate-za-vjencanja-3\" width=\"160\" height=\"180\" \/><\/a><\/p>\n<p><a href=\"http:\/\/vjencanja.covermagazin.com\/wp-content\/uploads\/2009\/04\/kravate-za-vjencanja-4.jpg\"><img loading=\"lazy\" decoding=\"async\" class=\"aligncenter size-full wp-image-614\" title=\"kravate-za-vjencanja-4\" src=\"http:\/\/vjencanja.covermagazin.com\/wp-content\/uploads\/2009\/04\/kravate-za-vjencanja-4.jpg\" alt=\"kravate-za-vjencanja-4\" width=\"160\" height=\"180\" \/><\/a><\/p>\n<p><a href=\"http:\/\/vjencanja.covermagazin.com\/wp-content\/uploads\/2009\/04\/kravate-za-vjencanja-5.jpg\"><img loading=\"lazy\" decoding=\"async\" class=\"aligncenter size-full wp-image-615\" title=\"kravate-za-vjencanja-5\" src=\"http:\/\/vjencanja.covermagazin.com\/wp-content\/uploads\/2009\/04\/kravate-za-vjencanja-5.jpg\" alt=\"kravate-za-vjencanja-5\" width=\"160\" height=\"180\" \/><\/a><\/p>\n<p><a href=\"http:\/\/vjencanja.covermagazin.com\/wp-content\/uploads\/2009\/04\/kravate-za-vjencanja-6.jpg\"><img loading=\"lazy\" decoding=\"async\" class=\"aligncenter size-full wp-image-616\" title=\"kravate-za-vjencanja-6\" src=\"http:\/\/vjencanja.covermagazin.com\/wp-content\/uploads\/2009\/04\/kravate-za-vjencanja-6.jpg\" alt=\"kravate-za-vjencanja-6\" width=\"180\" height=\"256\" \/><\/a><\/p>\n<p><a href=\"http:\/\/vjencanja.covermagazin.com\/wp-content\/uploads\/2009\/04\/kravate-za-vjencanja-7.jpg\"><img loading=\"lazy\" decoding=\"async\" class=\"aligncenter size-full wp-image-617\" title=\"kravate-za-vjencanja-7\" src=\"http:\/\/vjencanja.covermagazin.com\/wp-content\/uploads\/2009\/04\/kravate-za-vjencanja-7.jpg\" alt=\"kravate-za-vjencanja-7\" width=\"160\" height=\"180\" \/><\/a><\/p>\n<p><a href=\"http:\/\/vjencanja.covermagazin.com\/wp-content\/uploads\/2009\/04\/kravate-za-vjencanja-8.jpg\"><img loading=\"lazy\" decoding=\"async\" class=\"aligncenter size-full wp-image-618\" title=\"kravate-za-vjencanja-8\" src=\"http:\/\/vjencanja.covermagazin.com\/wp-content\/uploads\/2009\/04\/kravate-za-vjencanja-8.jpg\" alt=\"kravate-za-vjencanja-8\" width=\"160\" height=\"180\" \/><\/a><\/p>\n","protected":false},"excerpt":{"rendered":"<p>Ove sezone za vjen\u010danja su vrlo moderne svijetle boje kravate. Posebno pastelne nijanse svijetlo naran\u010daste, svijetlo ru\u017ei\u010daste, boja breskve, ali i boja limete, svijetlo zelena, \u017eutozelena, te svijetlo plava.<\/p>\n","protected":false},"author":1,"featured_media":0,"comment_status":"open","ping_status":"open","sticky":false,"template":"","format":"standard","meta":{"footnotes":""},"categories":[34],"tags":[68,124,125],"class_list":["post-610","post","type-post","status-publish","format-standard","hentry","category-odjela_mladozenja","tag-kravate","tag-pir","tag-svadba"],"_links":{"self":[{"href":"https:\/\/vjencanja.covermagazin.com\/index.php?rest_route=\/wp\/v2\/posts\/610","targetHints":{"allow":["GET"]}}],"collection":[{"href":"https:\/\/vjencanja.covermagazin.com\/index.php?rest_route=\/wp\/v2\/posts"}],"about":[{"href":"https:\/\/vjencanja.covermagazin.com\/index.php?rest_route=\/wp\/v2\/types\/post"}],"author":[{"embeddable":true,"href":"https:\/\/vjencanja.covermagazin.com\/index.php?rest_route=\/wp\/v2\/users\/1"}],"replies":[{"embeddable":true,"href":"https:\/\/vjencanja.covermagazin.com\/index.php?rest_route=%2Fwp%2Fv2%2Fcomments&post=610"}],"version-history":[{"count":16,"href":"https:\/\/vjencanja.covermagazin.com\/index.php?rest_route=\/wp\/v2\/posts\/610\/revisions"}],"predecessor-version":[{"id":6037,"href":"https:\/\/vjencanja.covermagazin.com\/index.php?rest_route=\/wp\/v2\/posts\/610\/revisions\/6037"}],"wp:attachment":[{"href":"https:\/\/vjencanja.covermagazin.com\/index.php?rest_route=%2Fwp%2Fv2%2Fmedia&parent=610"}],"wp:term":[{"taxonomy":"category","embeddable":true,"href":"https:\/\/vjencanja.covermagazin.com\/index.php?rest_route=%2Fwp%2Fv2%2Fcategories&post=610"},{"taxonomy":"post_tag","embeddable":true,"href":"https:\/\/vjencanja.covermagazin.com\/index.php?rest_route=%2Fwp%2Fv2%2Ftags&post=610"}],"curies":[{"name":"wp","href":"https:\/\/api.w.org\/{rel}","templated":true}]}}