{"id":476,"date":"2015-04-20T15:34:06","date_gmt":"2015-04-20T13:34:06","guid":{"rendered":"http:\/\/vjencanja.covermagazin.com\/?p=476"},"modified":"2015-04-20T15:34:06","modified_gmt":"2015-04-20T13:34:06","slug":"dekoriranje-kosara-za-cvjetice-i-latice","status":"publish","type":"post","link":"https:\/\/vjencanja.covermagazin.com\/?p=476","title":{"rendered":"Dekoriranje ko\u0161ara za cvjeti\u0107e i latice"},"content":{"rendered":"<p>Ko\u0161are s laticama koje \u0107e nositi djevoj\u010dice u crkvi i ko\u0161are za djevojke koje \u0107e stavljati cvjeti\u0107e gostima na vjen\u010danju mogu biti kupljenje samo za tu namjenu, ali mo\u017eete i sami dekorirati pletene ko\u0161are.<\/p>\n<p><a href=\"http:\/\/vjencanja.covermagazin.com\/wp-content\/uploads\/2009\/04\/dekoriranje_kosara_za_cvjetice_1.jpg\"><img loading=\"lazy\" decoding=\"async\" class=\"aligncenter size-full wp-image-477\" title=\"dekoriranje_kosara_za_cvjetice_1\" src=\"http:\/\/vjencanja.covermagazin.com\/wp-content\/uploads\/2009\/04\/dekoriranje_kosara_za_cvjetice_1.jpg\" alt=\"dekoriranje_kosara_za_cvjetice_1\" width=\"300\" height=\"239\" \/><\/a><\/p>\n<p><a href=\"http:\/\/vjencanja.covermagazin.com\/wp-content\/uploads\/2009\/04\/dekoriranje_kosara_za_cvjetice_2.jpg\"><img loading=\"lazy\" decoding=\"async\" class=\"aligncenter size-full wp-image-478\" title=\"dekoriranje_kosara_za_cvjetice_2\" src=\"http:\/\/vjencanja.covermagazin.com\/wp-content\/uploads\/2009\/04\/dekoriranje_kosara_za_cvjetice_2.jpg\" alt=\"dekoriranje_kosara_za_cvjetice_2\" width=\"300\" height=\"300\" \/><\/a><\/p>\n<p><a href=\"http:\/\/vjencanja.covermagazin.com\/wp-content\/uploads\/2009\/04\/dekoriranje_kosara_za_cvjetice_3.jpg\"><img loading=\"lazy\" decoding=\"async\" class=\"aligncenter size-full wp-image-479\" title=\"dekoriranje_kosara_za_cvjetice_3\" src=\"http:\/\/vjencanja.covermagazin.com\/wp-content\/uploads\/2009\/04\/dekoriranje_kosara_za_cvjetice_3.jpg\" alt=\"dekoriranje_kosara_za_cvjetice_3\" width=\"300\" height=\"270\" \/><\/a><\/p>\n<p><a href=\"http:\/\/vjencanja.covermagazin.com\/wp-content\/uploads\/2009\/04\/dekoriranje_kosara_za_cvjetice_4.jpg\"><img loading=\"lazy\" decoding=\"async\" class=\"aligncenter size-full wp-image-480\" title=\"dekoriranje_kosara_za_cvjetice_4\" src=\"http:\/\/vjencanja.covermagazin.com\/wp-content\/uploads\/2009\/04\/dekoriranje_kosara_za_cvjetice_4.jpg\" alt=\"dekoriranje_kosara_za_cvjetice_4\" width=\"300\" height=\"400\" \/><\/a><\/p>\n<p><a href=\"http:\/\/vjencanja.covermagazin.com\/wp-content\/uploads\/2009\/04\/dekoriranje_kosara_za_cvjetice_5.jpg\"><img loading=\"lazy\" decoding=\"async\" class=\"aligncenter size-full wp-image-481\" title=\"dekoriranje_kosara_za_cvjetice_5\" src=\"http:\/\/vjencanja.covermagazin.com\/wp-content\/uploads\/2009\/04\/dekoriranje_kosara_za_cvjetice_5.jpg\" alt=\"dekoriranje_kosara_za_cvjetice_5\" width=\"300\" height=\"342\" \/><\/a><\/p>\n<p><a href=\"http:\/\/vjencanja.covermagazin.com\/wp-content\/uploads\/2009\/04\/dekoriranje_kosara_za_cvjetice_6.jpg\"><img loading=\"lazy\" decoding=\"async\" class=\"aligncenter size-full wp-image-482\" title=\"dekoriranje_kosara_za_cvjetice_6\" src=\"http:\/\/vjencanja.covermagazin.com\/wp-content\/uploads\/2009\/04\/dekoriranje_kosara_za_cvjetice_6.jpg\" alt=\"dekoriranje_kosara_za_cvjetice_6\" width=\"300\" height=\"246\" \/><\/a><\/p>\n<p><a href=\"http:\/\/vjencanja.covermagazin.com\/wp-content\/uploads\/2009\/04\/dekoriranje_kosara_za_cvjetice_7.jpg\"><img loading=\"lazy\" decoding=\"async\" class=\"aligncenter size-full wp-image-485\" title=\"dekoriranje_kosara_za_cvjetice_7\" src=\"http:\/\/vjencanja.covermagazin.com\/wp-content\/uploads\/2009\/04\/dekoriranje_kosara_za_cvjetice_7.jpg\" alt=\"dekoriranje_kosara_za_cvjetice_7\" width=\"300\" height=\"401\" \/><\/a><\/p>\n<p><a href=\"http:\/\/vjencanja.covermagazin.com\/wp-content\/uploads\/2009\/04\/dekoriranje_kosara_za_cvjetice_8.jpg\"><img loading=\"lazy\" decoding=\"async\" class=\"aligncenter size-full wp-image-486\" title=\"dekoriranje_kosara_za_cvjetice_8\" src=\"http:\/\/vjencanja.covermagazin.com\/wp-content\/uploads\/2009\/04\/dekoriranje_kosara_za_cvjetice_8.jpg\" alt=\"dekoriranje_kosara_za_cvjetice_8\" width=\"300\" height=\"401\" \/><\/a><\/p>\n","protected":false},"excerpt":{"rendered":"<p>Ko\u0161are s laticama koje \u0107e nositi djevoj\u010dice u crkvi i ko\u0161are za djevojke koje \u0107e stavljati cvjeti\u0107e gostima na vjen\u010danju mogu biti kupljenje samo za tu namjenu, ali mo\u017eete i sami dekorirati pletene ko\u0161are.<\/p>\n","protected":false},"author":1,"featured_media":0,"comment_status":"open","ping_status":"open","sticky":false,"template":"","format":"standard","meta":{"footnotes":""},"categories":[31],"tags":[62,61,63,124,125,19],"class_list":["post-476","post","type-post","status-publish","format-standard","hentry","category-cvijetni_aranzmani","tag-cvjetici","tag-kosare","tag-latice","tag-pir","tag-svadba","tag-vjencanje"],"_links":{"self":[{"href":"https:\/\/vjencanja.covermagazin.com\/index.php?rest_route=\/wp\/v2\/posts\/476","targetHints":{"allow":["GET"]}}],"collection":[{"href":"https:\/\/vjencanja.covermagazin.com\/index.php?rest_route=\/wp\/v2\/posts"}],"about":[{"href":"https:\/\/vjencanja.covermagazin.com\/index.php?rest_route=\/wp\/v2\/types\/post"}],"author":[{"embeddable":true,"href":"https:\/\/vjencanja.covermagazin.com\/index.php?rest_route=\/wp\/v2\/users\/1"}],"replies":[{"embeddable":true,"href":"https:\/\/vjencanja.covermagazin.com\/index.php?rest_route=%2Fwp%2Fv2%2Fcomments&post=476"}],"version-history":[{"count":17,"href":"https:\/\/vjencanja.covermagazin.com\/index.php?rest_route=\/wp\/v2\/posts\/476\/revisions"}],"predecessor-version":[{"id":484,"href":"https:\/\/vjencanja.covermagazin.com\/index.php?rest_route=\/wp\/v2\/posts\/476\/revisions\/484"}],"wp:attachment":[{"href":"https:\/\/vjencanja.covermagazin.com\/index.php?rest_route=%2Fwp%2Fv2%2Fmedia&parent=476"}],"wp:term":[{"taxonomy":"category","embeddable":true,"href":"https:\/\/vjencanja.covermagazin.com\/index.php?rest_route=%2Fwp%2Fv2%2Fcategories&post=476"},{"taxonomy":"post_tag","embeddable":true,"href":"https:\/\/vjencanja.covermagazin.com\/index.php?rest_route=%2Fwp%2Fv2%2Ftags&post=476"}],"curies":[{"name":"wp","href":"https:\/\/api.w.org\/{rel}","templated":true}]}}