{"id":4276,"date":"2019-06-14T06:50:22","date_gmt":"2019-06-14T04:50:22","guid":{"rendered":"http:\/\/vjencanja.covermagazin.com\/?p=4276"},"modified":"2019-06-14T15:17:42","modified_gmt":"2019-06-14T13:17:42","slug":"novi-trend-bijelo-na-tudem-vjencanju","status":"publish","type":"post","link":"https:\/\/vjencanja.covermagazin.com\/?p=4276","title":{"rendered":"Bijelo na tu\u0111em vjen\u010danju &#8211; go\u0161\u0107e koje su zasjenile mladenke"},"content":{"rendered":"<h3><a href=\"http:\/\/vjencanja.covermagazin.com\/wp-content\/uploads\/2011\/07\/bjelo_na_vjencanju.jpg\"><img loading=\"lazy\" decoding=\"async\" class=\"alignnone size-full wp-image-6838\" src=\"http:\/\/vjencanja.covermagazin.com\/wp-content\/uploads\/2011\/07\/bjelo_na_vjencanju.jpg\" alt=\"\" width=\"600\" height=\"401\" \/><\/a><\/h3>\n<h3>Bijelo na tu\u0111em vjen\u010danju &#8211; go\u0161\u0107e koje su zasjenile mladenke<\/h3>\n<p>Trend uvela je Pipa Middleton koja je na vjen\u010danje svoje sestre Kate Middleton odjenula bijelu haljinu. Ve\u0107 sljede\u0107e veliko kraljevsko vjen\u010danje proteklo je u istom tonu gdje su princeze Charlotte Casiraghi i \u0161vedska princeza Madeleine, kao i Naomi Campbell odjenule bijelu haljinu na vjen\u010danje princa od Monaca. Iako tako ne izgleda ali ni jedna od dama na slici nije mladenka, nego tek go\u0161\u0107a na tu\u0111em vjen\u010danju.<\/p>\n<figure id=\"attachment_4281\" aria-describedby=\"caption-attachment-4281\" style=\"width: 310px\" class=\"wp-caption alignnone\"><a href=\"http:\/\/vjencanja.covermagazin.com\/wp-content\/uploads\/2011\/07\/vjencanja-11.jpg\"><img loading=\"lazy\" decoding=\"async\" class=\"size-full wp-image-4281\" title=\"vjencanja-1\" src=\"http:\/\/vjencanja.covermagazin.com\/wp-content\/uploads\/2011\/07\/vjencanja-11.jpg\" alt=\"\" width=\"310\" height=\"411\" \/><\/a><figcaption id=\"caption-attachment-4281\" class=\"wp-caption-text\">Pipa Middleton<\/figcaption><\/figure>\n<figure id=\"attachment_4278\" aria-describedby=\"caption-attachment-4278\" style=\"width: 306px\" class=\"wp-caption alignnone\"><a href=\"http:\/\/vjencanja.covermagazin.com\/wp-content\/uploads\/2011\/07\/vjencanja-2.jpg\"><img loading=\"lazy\" decoding=\"async\" class=\"size-full wp-image-4278 \" title=\"vjencanja-2\" src=\"http:\/\/vjencanja.covermagazin.com\/wp-content\/uploads\/2011\/07\/vjencanja-2.jpg\" alt=\"Princeza Madeleine\" width=\"306\" height=\"506\" \/><\/a><figcaption id=\"caption-attachment-4278\" class=\"wp-caption-text\">Princeza Madeleine<\/figcaption><\/figure>\n<figure id=\"attachment_4279\" aria-describedby=\"caption-attachment-4279\" style=\"width: 384px\" class=\"wp-caption alignnone\"><a href=\"http:\/\/vjencanja.covermagazin.com\/wp-content\/uploads\/2011\/07\/vjencanja-3.jpg\"><img loading=\"lazy\" decoding=\"async\" class=\"size-full wp-image-4279\" title=\"vjencanja-3\" src=\"http:\/\/vjencanja.covermagazin.com\/wp-content\/uploads\/2011\/07\/vjencanja-3.jpg\" alt=\"\" width=\"384\" height=\"689\" \/><\/a><figcaption id=\"caption-attachment-4279\" class=\"wp-caption-text\">Charlotte Casiraghi<\/figcaption><\/figure>\n<figure id=\"attachment_4280\" aria-describedby=\"caption-attachment-4280\" style=\"width: 310px\" class=\"wp-caption alignnone\"><a href=\"http:\/\/vjencanja.covermagazin.com\/wp-content\/uploads\/2011\/07\/vjencanja-4.jpg\"><img loading=\"lazy\" decoding=\"async\" class=\"size-full wp-image-4280\" title=\"vjencanja-4\" src=\"http:\/\/vjencanja.covermagazin.com\/wp-content\/uploads\/2011\/07\/vjencanja-4.jpg\" alt=\"\" width=\"310\" height=\"844\" \/><\/a><figcaption id=\"caption-attachment-4280\" class=\"wp-caption-text\">Naomi Campbell<\/figcaption><\/figure>\n<p><em>Stvarne mladenke ka\u017eu:<\/em><\/p>\n<p>Ovdje imam vrlo jasan stav a to je NE bijeloj boji na tu\u0111em vjen\u010danju. Ne zato da \u0107ete mo\u017eda zasjeniti mladenku, to vjerojatno mo\u017eete i nekom drugom bojom, ali bijelo na tu\u0111em vjen\u010danju nije pristojno i govori o vama a ne o mladenki. Sumnjam da \u0107e itko uspore\u0111ivati neku curu u bijeloj haljini i mladenku, ali mnogi ho\u0107e pitati se za\u0161to je neka cura obukla bijelo na tu\u0111e vjen\u010danje.<br \/>\nOd toliko drugih boja zaista ne vidim za\u0161to bi netko ba\u0161 izabrao bijelu haljinu. I sigurna sam da svima postoji i neka druga boja koja jednako dobro stoji. Bijelo na tu\u0111em vjen\u010danju po meni nije pristojno i svakako ga treba izbjegavati.<\/p>\n<p>Vidim na slici je Pipa Middleton, i nema ni\u0161ta bolje kad netko ka\u017ee pa i Pipa Middleton je na kraljevsko vjen\u010danje nosila bijelu boju. E pa dok vi budete sudjelovali i bili kuma i sestra na kraljevskom vjen\u010danju onda odjenite i vi bijelu haljinu. Pipa Middleton je sestra mladenke i kuma. Sigurno je s njom u dogovoru izabrala tu haljinu. Ako se vi s mladenkom dogovorite ili ona izrazi \u017eelju da obu\u010dete bijelu haljinu onda ok. Dakle, ako vas mladenka zamoli da obu\u010dete bijelu haljinu i do\u0111ete u njoj, kao kuma ili kao gost, tada ok. U svakom drugom slu\u010daju NE.<\/p>\n","protected":false},"excerpt":{"rendered":"<p>Novi trend uvela je Pipa Middleton koja je na vjen\u010danje svoje sestre Kate Middleton odjenula bijelu haljinu. Ve\u0107 sljede\u0107e veliko kraljevsko vjen\u010danje proteklo je u istom tonu gdje su princeze&#8230;<\/p>\n","protected":false},"author":1,"featured_media":0,"comment_status":"open","ping_status":"open","sticky":false,"template":"","format":"standard","meta":{"footnotes":""},"categories":[7,8,199],"tags":[124,125],"class_list":["post-4276","post","type-post","status-publish","format-standard","hentry","category-gost_na_vjencanju","category-iz_drugih_medija","category-vjencanje","tag-pir","tag-svadba"],"_links":{"self":[{"href":"https:\/\/vjencanja.covermagazin.com\/index.php?rest_route=\/wp\/v2\/posts\/4276","targetHints":{"allow":["GET"]}}],"collection":[{"href":"https:\/\/vjencanja.covermagazin.com\/index.php?rest_route=\/wp\/v2\/posts"}],"about":[{"href":"https:\/\/vjencanja.covermagazin.com\/index.php?rest_route=\/wp\/v2\/types\/post"}],"author":[{"embeddable":true,"href":"https:\/\/vjencanja.covermagazin.com\/index.php?rest_route=\/wp\/v2\/users\/1"}],"replies":[{"embeddable":true,"href":"https:\/\/vjencanja.covermagazin.com\/index.php?rest_route=%2Fwp%2Fv2%2Fcomments&post=4276"}],"version-history":[{"count":9,"href":"https:\/\/vjencanja.covermagazin.com\/index.php?rest_route=\/wp\/v2\/posts\/4276\/revisions"}],"predecessor-version":[{"id":7331,"href":"https:\/\/vjencanja.covermagazin.com\/index.php?rest_route=\/wp\/v2\/posts\/4276\/revisions\/7331"}],"wp:attachment":[{"href":"https:\/\/vjencanja.covermagazin.com\/index.php?rest_route=%2Fwp%2Fv2%2Fmedia&parent=4276"}],"wp:term":[{"taxonomy":"category","embeddable":true,"href":"https:\/\/vjencanja.covermagazin.com\/index.php?rest_route=%2Fwp%2Fv2%2Fcategories&post=4276"},{"taxonomy":"post_tag","embeddable":true,"href":"https:\/\/vjencanja.covermagazin.com\/index.php?rest_route=%2Fwp%2Fv2%2Ftags&post=4276"}],"curies":[{"name":"wp","href":"https:\/\/api.w.org\/{rel}","templated":true}]}}