{"id":2357,"date":"2018-03-03T08:57:07","date_gmt":"2018-03-03T06:57:07","guid":{"rendered":"http:\/\/vjencanja.covermagazin.com\/?p=2357"},"modified":"2018-07-27T08:57:32","modified_gmt":"2018-07-27T06:57:32","slug":"kako-jesensko-vjencanje-uciniti-posebnim","status":"publish","type":"post","link":"https:\/\/vjencanja.covermagazin.com\/?p=2357","title":{"rendered":"Kako jesensko vjen\u010danje u\u010diniti posebnim"},"content":{"rendered":"<h3><a href=\"http:\/\/vjencanja.covermagazin.com\/wp-content\/uploads\/2013\/08\/vjencanje_jesensko_vjencanje_f.jpg\"><img loading=\"lazy\" decoding=\"async\" class=\"alignnone size-full wp-image-6867\" src=\"http:\/\/vjencanja.covermagazin.com\/wp-content\/uploads\/2013\/08\/vjencanje_jesensko_vjencanje_f.jpg\" alt=\"\" width=\"600\" height=\"400\" \/><\/a><\/h3>\n<h3>Kako jesensko vjen\u010danje u\u010diniti posebnim<\/h3>\n<p>Umjesto u obi\u010dnim \u010da\u0161ama pi\u0107e poslu\u017eite u kristalnim \u010da\u0161ama sa zlatnim postoljem. Ako ne mo\u017eete osigurati toliko takvih \u010da\u0161a, tada postavite ispod svake zlatne podmeta\u010de.<\/p>\n<p>Napravite kola\u010de u obliku li\u0161\u0107a i neka do\u010dekaju goste na stolovima.<\/p>\n<p>Kukuruz \u010desto predstavlja jesen, pa ako \u017eelite posebno vjen\u010danje s ruralnim \u0161tihom, neka kukuruz bude temelj va\u0161e dekoracije.<\/p>\n<p>Svje\u017ee pripremljene kokice mo\u017eete poslu\u017eiti, a iskoristit i kao dekoraciju u zdjelama.<\/p>\n<h3><a href=\"http:\/\/vjencanja.covermagazin.com\/wp-content\/uploads\/2009\/09\/Kako-jesensko-vjen\u010danje-u\u010diniti-posebnim-2.jpg\"><img loading=\"lazy\" decoding=\"async\" class=\"size-full wp-image-2360 alignleft\" title=\"Kako jesensko vjen\u010danje u\u010diniti posebnim-2\" src=\"http:\/\/vjencanja.covermagazin.com\/wp-content\/uploads\/2009\/09\/Kako-jesensko-vjen\u010danje-u\u010diniti-posebnim-2.jpg\" alt=\"Kako jesensko vjen\u010danje u\u010diniti posebnim-2\" width=\"336\" height=\"443\" \/><\/a><\/h3>\n<p>&nbsp;<\/p>\n<p><a href=\"http:\/\/vjencanja.covermagazin.com\/wp-content\/uploads\/2013\/08\/vjencanje_jesensko_vjencanje_3.jpg\"><img loading=\"lazy\" decoding=\"async\" class=\"alignnone size-full wp-image-6868\" src=\"http:\/\/vjencanja.covermagazin.com\/wp-content\/uploads\/2013\/08\/vjencanje_jesensko_vjencanje_3.jpg\" alt=\"\" width=\"600\" height=\"386\" \/><\/a> <a href=\"http:\/\/vjencanja.covermagazin.com\/wp-content\/uploads\/2013\/08\/vjencanje_jesensko_vjencanje_2.jpg\"><img loading=\"lazy\" decoding=\"async\" class=\"alignnone size-full wp-image-6869\" src=\"http:\/\/vjencanja.covermagazin.com\/wp-content\/uploads\/2013\/08\/vjencanje_jesensko_vjencanje_2.jpg\" alt=\"\" width=\"600\" height=\"401\" \/><\/a> <a href=\"http:\/\/vjencanja.covermagazin.com\/wp-content\/uploads\/2013\/08\/vjencanje_jesensko_vjencanje_1.jpg\"><img loading=\"lazy\" decoding=\"async\" class=\"alignnone size-full wp-image-6870\" src=\"http:\/\/vjencanja.covermagazin.com\/wp-content\/uploads\/2013\/08\/vjencanje_jesensko_vjencanje_1.jpg\" alt=\"\" width=\"600\" height=\"404\" \/><\/a><\/p>\n<p><em>Stvarne mladenke ka\u017eu<\/em>:<\/p>\n<p>Ako \u017eelite naglasiti da se radi o vjen\u010danju u jesen tada je najbolji na\u010din\u00a0koristiti jesenske boje i sve ono \u0161to nas podsje\u0107a na jesen u dekoriranju vjen\u010danja. Takva ideja se meni \u010dini jako zanimljivo. Boje jeseni su zanimljive, romanti\u010dne ali i upe\u010datljive.<br \/>\nMe\u0111utim, meni se \u010dini da je u organizacijskom smislu u\u010diniti vjen\u010danje posebnim jednako te\u0161ko i zahtjeva puno dobrih ideja, neovisno u kojem se godi\u0161njem dobu organizira vjen\u010danje.<br \/>\nAko \u017eelite ne\u0161to posebno i odlu\u010dite se za opciju teme jesen u vjen\u010danju koje se odvija u jesen, ve\u0107 ste eliminirali konkurenciju svih onih koji nisu jesenski, jer \u0107e vam sigurno vjen\u010danje biti druga\u010dije od ostalih.<\/p>\n<p>Tako\u0111er, spektar je \u0161irok, kada po\u010dnete razmi\u0161ljati o jeseni i svemu \u0161to vas asocira na jesen mislim da je lako do\u0107i do puno dobrih ideja koje onda samo treba negdje uklopiti. Puno je ve\u0107i izbor ideja ako krenete s izborom \u2013 jesen nego ako krenete samo s izborom neke boje.<\/p>\n<p>___<\/p>\n<p>Bila sam na vjen\u010danju u Slavoniji gdje su mladencima kao zahvalnice dijelili doma\u0107i pin\u0111ur i ajvar u malim ukrasnim teglicama. Odli\u010dna ideja za jesensko vjen\u010danje.<\/p>\n","protected":false},"excerpt":{"rendered":"<p>Umjesto u obi\u010dnim \u010da\u0161ama pi\u0107e poslu\u017eite u kristalnim \u010da\u0161ama sa zlatnim postoljem.<\/p>\n","protected":false},"author":1,"featured_media":0,"comment_status":"open","ping_status":"open","sticky":false,"template":"","format":"standard","meta":{"footnotes":""},"categories":[29,199],"tags":[124,125,20,19],"class_list":["post-2357","post","type-post","status-publish","format-standard","hentry","category-boja_vjencanja","category-vjencanje","tag-pir","tag-svadba","tag-vjencanja","tag-vjencanje"],"_links":{"self":[{"href":"https:\/\/vjencanja.covermagazin.com\/index.php?rest_route=\/wp\/v2\/posts\/2357","targetHints":{"allow":["GET"]}}],"collection":[{"href":"https:\/\/vjencanja.covermagazin.com\/index.php?rest_route=\/wp\/v2\/posts"}],"about":[{"href":"https:\/\/vjencanja.covermagazin.com\/index.php?rest_route=\/wp\/v2\/types\/post"}],"author":[{"embeddable":true,"href":"https:\/\/vjencanja.covermagazin.com\/index.php?rest_route=\/wp\/v2\/users\/1"}],"replies":[{"embeddable":true,"href":"https:\/\/vjencanja.covermagazin.com\/index.php?rest_route=%2Fwp%2Fv2%2Fcomments&post=2357"}],"version-history":[{"count":11,"href":"https:\/\/vjencanja.covermagazin.com\/index.php?rest_route=\/wp\/v2\/posts\/2357\/revisions"}],"predecessor-version":[{"id":7334,"href":"https:\/\/vjencanja.covermagazin.com\/index.php?rest_route=\/wp\/v2\/posts\/2357\/revisions\/7334"}],"wp:attachment":[{"href":"https:\/\/vjencanja.covermagazin.com\/index.php?rest_route=%2Fwp%2Fv2%2Fmedia&parent=2357"}],"wp:term":[{"taxonomy":"category","embeddable":true,"href":"https:\/\/vjencanja.covermagazin.com\/index.php?rest_route=%2Fwp%2Fv2%2Fcategories&post=2357"},{"taxonomy":"post_tag","embeddable":true,"href":"https:\/\/vjencanja.covermagazin.com\/index.php?rest_route=%2Fwp%2Fv2%2Ftags&post=2357"}],"curies":[{"name":"wp","href":"https:\/\/api.w.org\/{rel}","templated":true}]}}