{"id":2283,"date":"2020-12-02T08:26:07","date_gmt":"2020-12-02T06:26:07","guid":{"rendered":"http:\/\/vjencanja.covermagazin.com\/?p=2283"},"modified":"2020-12-02T11:02:46","modified_gmt":"2020-12-02T09:02:46","slug":"boje-za-zimsko-vjencanje","status":"publish","type":"post","link":"https:\/\/vjencanja.covermagazin.com\/?p=2283","title":{"rendered":"Boje za zimsko vjen\u010danje"},"content":{"rendered":"<h3><\/h3>\n<h3><a href=\"https:\/\/vjencanja.covermagazin.com\/wp-content\/uploads\/2018\/07\/portal-zimsko-vjencanje-COVER.jpg\"><img loading=\"lazy\" decoding=\"async\" class=\"alignnone size-full wp-image-7426\" src=\"https:\/\/vjencanja.covermagazin.com\/wp-content\/uploads\/2018\/07\/portal-zimsko-vjencanje-COVER.jpg\" alt=\"Boje za zimsko vjen\u010danje\" width=\"600\" height=\"400\" \/><\/a><\/h3>\n<h3>Boje za zimsko vjen\u010danje<\/h3>\n<p>Temeljna boje za zimsko vjen\u010danje je bijela, te sve druge pastelne boje.<\/p>\n<p>Da biste imali lijepo vjen\u010danje ne trebate se dr\u017eati tradicionalnih zimskih boja, iako su one najljep\u0161e ukoliko imate vjen\u010danje oko blagdana.<\/p>\n<p>Tada se odlu\u010dite za kombinaciju bijelo-plavo-srebreno ili zeleno, crveno-zlatno.<\/p>\n<p>Ne zaboravite ukra\u0161avati kristalima i ledom kako biste dodali naglasak zimskom cvije\u0107u i dekoraciji.<\/p>\n<figure id=\"attachment_7055\" aria-describedby=\"caption-attachment-7055\" style=\"width: 600px\" class=\"wp-caption alignnone\"><a href=\"https:\/\/vjencanja.covermagazin.com\/wp-content\/uploads\/2016\/10\/zimsko_vjencanje.jpg\"><img loading=\"lazy\" decoding=\"async\" class=\"wp-image-7055 size-full\" src=\"https:\/\/vjencanja.covermagazin.com\/wp-content\/uploads\/2016\/10\/zimsko_vjencanje.jpg\" alt=\"Boje za zimsko vjen\u010danje\" width=\"600\" height=\"400\" \/><\/a><figcaption id=\"caption-attachment-7055\" class=\"wp-caption-text\">Boje za zimsko vjen\u010danje<\/figcaption><\/figure>\n<p><strong>Stvarne mladenke ka\u017eu:<\/strong><\/p>\n<p>Za svako vjen\u010danje koje \u017eeli biti povezano s godi\u0161njim dobom u kojem se odvija idealno je koristiti boje koje su karakteristi\u010dne za to godi\u0161nje doba.<br \/>\nZima je sama po sebi lijepa, ali i elegantna tako da kori\u0161tenje zimskih motiva u svadbenoj sve\u010danosti mo\u017ee biti jako bajkovito i romanti\u010dno.<br \/>\nJedino \u0161to bih presko\u010dila je kombiniranje zelene i crvene kako se ne bi dobio dojam proslave blagdana a ne vjen\u010danja. Ako se i koriste ove boje onda ih koristiti u oblicima i na mjestima koji nisu uobi\u010dajeni za blagdane nego za druge sve\u010dane prilike.<\/p>\n","protected":false},"excerpt":{"rendered":"<p>Temeljna boje za zimsko vjen\u010danje je bijela, te sve druge pastelne boje.<\/p>\n","protected":false},"author":1,"featured_media":0,"comment_status":"open","ping_status":"open","sticky":false,"template":"","format":"standard","meta":{"footnotes":""},"categories":[29,199],"tags":[124,125,20,19],"class_list":["post-2283","post","type-post","status-publish","format-standard","hentry","category-boja_vjencanja","category-vjencanje","tag-pir","tag-svadba","tag-vjencanja","tag-vjencanje"],"_links":{"self":[{"href":"https:\/\/vjencanja.covermagazin.com\/index.php?rest_route=\/wp\/v2\/posts\/2283","targetHints":{"allow":["GET"]}}],"collection":[{"href":"https:\/\/vjencanja.covermagazin.com\/index.php?rest_route=\/wp\/v2\/posts"}],"about":[{"href":"https:\/\/vjencanja.covermagazin.com\/index.php?rest_route=\/wp\/v2\/types\/post"}],"author":[{"embeddable":true,"href":"https:\/\/vjencanja.covermagazin.com\/index.php?rest_route=\/wp\/v2\/users\/1"}],"replies":[{"embeddable":true,"href":"https:\/\/vjencanja.covermagazin.com\/index.php?rest_route=%2Fwp%2Fv2%2Fcomments&post=2283"}],"version-history":[{"count":14,"href":"https:\/\/vjencanja.covermagazin.com\/index.php?rest_route=\/wp\/v2\/posts\/2283\/revisions"}],"predecessor-version":[{"id":7427,"href":"https:\/\/vjencanja.covermagazin.com\/index.php?rest_route=\/wp\/v2\/posts\/2283\/revisions\/7427"}],"wp:attachment":[{"href":"https:\/\/vjencanja.covermagazin.com\/index.php?rest_route=%2Fwp%2Fv2%2Fmedia&parent=2283"}],"wp:term":[{"taxonomy":"category","embeddable":true,"href":"https:\/\/vjencanja.covermagazin.com\/index.php?rest_route=%2Fwp%2Fv2%2Fcategories&post=2283"},{"taxonomy":"post_tag","embeddable":true,"href":"https:\/\/vjencanja.covermagazin.com\/index.php?rest_route=%2Fwp%2Fv2%2Ftags&post=2283"}],"curies":[{"name":"wp","href":"https:\/\/api.w.org\/{rel}","templated":true}]}}