{"id":2180,"date":"2018-07-23T03:38:00","date_gmt":"2018-07-23T01:38:00","guid":{"rendered":"http:\/\/vjencanja.covermagazin.com\/?p=2180"},"modified":"2018-07-30T11:40:02","modified_gmt":"2018-07-30T09:40:02","slug":"smirite-tenzije-izmedu-clanova-obitelji","status":"publish","type":"post","link":"https:\/\/vjencanja.covermagazin.com\/?p=2180","title":{"rendered":"Smirite tenzije izme\u0111u \u010dlanova obitelji"},"content":{"rendered":"<h3><a href=\"https:\/\/vjencanja.covermagazin.com\/wp-content\/uploads\/2017\/05\/organizacija_Vecera.jpg\"><img loading=\"lazy\" decoding=\"async\" class=\"alignleft size-full wp-image-7175\" src=\"https:\/\/vjencanja.covermagazin.com\/wp-content\/uploads\/2017\/05\/organizacija_Vecera.jpg\" alt=\"\" width=\"600\" height=\"400\" \/><\/a><\/h3>\n<h3>Smirite tenzije izme\u0111u \u010dlanova obitelji<\/h3>\n<p>Tenzije izme\u0111u \u010dlanova obitelji mogu utjecati na va\u0161 dan. No, ako pristupite na pravi i pozitivan na\u010din mo\u017eete smanjiti ako ne i eliminirati obiteljske nesuglasice.<\/p>\n<p>Ukoliko ste se s nekim dogovorili \u0161to \u0107e vam pokloniti za vjen\u010danje, ili ste ve\u0107 dobili poklon, nemojte o tome pri\u010dati onima koji bi se mogli natjecati s njima. Izazvat \u0107ete nepotrebne tenzije i prepucavanja oko poklona.<\/p>\n<p>Ukoliko postoji neka neobi\u010dna situacija ili neki nerije\u0161eni problem razgovarajte s tim \u010dlanovima obitelji ranije. Objasnite ima da va\u0161e vjen\u010danje nije ni mjesto ni vrijeme gdje bi trebali vaditi stare obiteljske probleme. Razgovarajte s njima s velikim po\u0161tivanjem, neka vide da ih cijenite i da imate dovoljno povjerenja u njih jer ih mo\u017eete pitati takve stvari.<\/p>\n<p>Podijelite du\u017enosti \u010dlanovima obitelji. Neka se svi osje\u0107aju uklju\u010denima.<\/p>\n<p>Kod razmje\u0161taja gostiju poku\u0161ajte one koji imaju nerije\u0161enih problema ili ne razgovaraju ne smjestiti u blizini. Ukoliko nemate raspored gostiju zadu\u017eite nekog od \u010dlanova obitelji koji \u0107e pomagati gostima da se smjeste i pri tome posebno voditi ra\u010duna o smje\u0161taju odre\u0111enih \u010dlanova. Ni u kom slu\u010daju nemojte vjen\u010danje koristiti kao mjesto za mirenje i forsirati ih za isti stol.<\/p>\n<p><em>Stvarne mladenke komentiraju:<\/em><\/p>\n<p>\u010cula sam zaista puno pri\u010da oko problema prilikom organizacije vjen\u010danja i tenzija u obitelji. Od toga da neki \u010dlanovi obitelji ne razgovaraju pa stvaraju problem u tom smislu, do toga da se neki \u017eele u sve petljati i sve odre\u0111ivati.<br \/>\n\u0160to se ti\u010de prve teme, to mi nikako nije jasno, jer ne mogu shvatiti da netko ne mo\u017ee staviti svoje ideje, svoje odnose s drugima u drugi plan, i staviti \u017eelje mladenaca u prvi plan bar taj jedan dan. I ako to netko ne \u017eeli, ne znam \u0161ta bih rekla. Mo\u017ee se samo poku\u0161ati i mirno razgovarati s njima, objasniti situaciju i zamoliti da ne prave probleme, da se suzdr\u017ee i da toleriraju osobu koji ina\u010de ne mogu podnijeti, taj jedan dan.<\/p>\n<p>\u0160to se ti\u010de mije\u0161anja u organizaciju, mislim da u startu mladenci trebaju dogovoriti s obitelji, posebno s roditeljima, da li je to obiteljska svadba ili samo od mladenaca. Da li roditelji mogu pozvati svoje prijatelje, da li mogu odlu\u010divati, ili \u0107e sve goste zvati samo mladenci i da \u0107e mladenci izabrati sve po svojoj \u017eelji.<br \/>\nNaravno da \u0107e i u prvom slu\u010daju mladenci imati glavnu rije\u010d, ali ako su svi uklju\u010deni onda trebate o\u010dekivati od sviju prijedloge, razmisliti o tim prijedlozima i donijeti odluku. Uzmite u obzir i koliko je to va\u017eno vama a koliko roditeljima, negdje \u0107ete napraviti ustupak, negdje \u0107ete donijeti svoju odluku.<br \/>\nAko pak ne \u017eelite da se drugi mije\u0161aju, odmah im to u startu recite. Ali nemojte onda pitati gdje da naru\u010dimo kola\u010de, a ljutiti se kada predlo\u017ee gdje da naru\u010dite buket.<br \/>\nImajte na umu da se i roditelji prezentiraju kroz va\u0161u svadbu, da oni ipak imaju vi\u0161e iskustva te ne\u0107e svi gosti biti mladi ljudi poput mladenaca. A \u017eelite i da se ostali gosti osje\u0107aju ugodno? Naravno. Poku\u0161ajte razmisliti o svim prijedlozima, \u010dak i onima koji vam se na prvu \u010dine glupima. Ali nemojte ni dozvoliti da napravite svadbu koja vam se ne svi\u0111a jer su vas drugi nagovorili na to.<\/p>\n","protected":false},"excerpt":{"rendered":"<p>Tenzije izme\u0111u \u010dlanova obitelji mogu utjecati na va\u0161 dan.<\/p>\n","protected":false},"author":1,"featured_media":0,"comment_status":"open","ping_status":"open","sticky":false,"template":"","format":"standard","meta":{"footnotes":""},"categories":[7,6,199],"tags":[124,125,19],"class_list":["post-2180","post","type-post","status-publish","format-standard","hentry","category-gost_na_vjencanju","category-pripreme_za_vjencanja","category-vjencanje","tag-pir","tag-svadba","tag-vjencanje"],"_links":{"self":[{"href":"https:\/\/vjencanja.covermagazin.com\/index.php?rest_route=\/wp\/v2\/posts\/2180","targetHints":{"allow":["GET"]}}],"collection":[{"href":"https:\/\/vjencanja.covermagazin.com\/index.php?rest_route=\/wp\/v2\/posts"}],"about":[{"href":"https:\/\/vjencanja.covermagazin.com\/index.php?rest_route=\/wp\/v2\/types\/post"}],"author":[{"embeddable":true,"href":"https:\/\/vjencanja.covermagazin.com\/index.php?rest_route=\/wp\/v2\/users\/1"}],"replies":[{"embeddable":true,"href":"https:\/\/vjencanja.covermagazin.com\/index.php?rest_route=%2Fwp%2Fv2%2Fcomments&post=2180"}],"version-history":[{"count":18,"href":"https:\/\/vjencanja.covermagazin.com\/index.php?rest_route=\/wp\/v2\/posts\/2180\/revisions"}],"predecessor-version":[{"id":7362,"href":"https:\/\/vjencanja.covermagazin.com\/index.php?rest_route=\/wp\/v2\/posts\/2180\/revisions\/7362"}],"wp:attachment":[{"href":"https:\/\/vjencanja.covermagazin.com\/index.php?rest_route=%2Fwp%2Fv2%2Fmedia&parent=2180"}],"wp:term":[{"taxonomy":"category","embeddable":true,"href":"https:\/\/vjencanja.covermagazin.com\/index.php?rest_route=%2Fwp%2Fv2%2Fcategories&post=2180"},{"taxonomy":"post_tag","embeddable":true,"href":"https:\/\/vjencanja.covermagazin.com\/index.php?rest_route=%2Fwp%2Fv2%2Ftags&post=2180"}],"curies":[{"name":"wp","href":"https:\/\/api.w.org\/{rel}","templated":true}]}}