{"id":2031,"date":"2020-11-19T20:30:54","date_gmt":"2020-11-19T18:30:54","guid":{"rendered":"http:\/\/vjencanja.covermagazin.com\/?p=2031"},"modified":"2020-11-19T23:51:55","modified_gmt":"2020-11-19T21:51:55","slug":"cvijece-za-jesensko-vjencanje","status":"publish","type":"post","link":"https:\/\/vjencanja.covermagazin.com\/?p=2031","title":{"rendered":"Cvije\u0107e za jesensko vjen\u010danje"},"content":{"rendered":"<figure id=\"attachment_7132\" aria-describedby=\"caption-attachment-7132\" style=\"width: 600px\" class=\"wp-caption alignleft\"><a href=\"https:\/\/vjencanja.covermagazin.com\/wp-content\/uploads\/2017\/10\/jesensko_vjencanje.jpg\"><img loading=\"lazy\" decoding=\"async\" class=\"wp-image-7132 size-full\" src=\"https:\/\/vjencanja.covermagazin.com\/wp-content\/uploads\/2017\/10\/jesensko_vjencanje.jpg\" alt=\"Cvije\u0107e za jesensko vjen\u010danje\" width=\"600\" height=\"400\" \/><\/a><figcaption id=\"caption-attachment-7132\" class=\"wp-caption-text\">Cvije\u0107e za jesensko vjen\u010danje<\/figcaption><\/figure>\n<h3>Cvije\u0107e za jesensko vjen\u010danje<\/h3>\n<p>Jesen je bogata specifi\u010dnim bojama te ako organizirate vjen\u010danje u jesen iskoristite upravo te boje. A jesen mo\u017ee biti i cijela tema vjen\u010danja.<\/p>\n<p>Izaberite boje. Jesen nudi vi\u0161e boja, vi trebate odlu\u010diti koje od njih \u017eelite, a prema tome \u0107ete izabrati i jesensko cvije\u0107e. Pogledajte oko sebe ili zamislite jesen i lako \u0107ete se odlu\u010diti koju kombinaciju boja \u017eelite na svome vjen\u010danju. Nijanse sme\u0111e, naran\u010daste, bakrene i zlatne samo su neke od njih.<\/p>\n<p>Pitajte cvje\u0107ara koje je vam jesensko cvije\u0107e preporu\u010duje i koje \u0107e se slagati s bojama va\u0161eg vjen\u010danja.<\/p>\n<p>Uobi\u010dajeno je cvije\u0107e za jesensko vjen\u010danje u \u017euto naran\u010dastim bojama, poput suncokreta, gerbera i naran\u010dastih ru\u017ea. Ove boje daju toplinu prostoru i stvaraju ugodan ambijent.<\/p>\n<p>Dodajte i druge elemente poput bundeva ako je vjen\u010danje oko No\u0107i vje\u0161tica.<\/p>\n<p><em>Stvarne mladenke ka\u017eu:<\/em><\/p>\n<p>Jesenska vjen\u010danja su uvijek tako posebna i romanti\u010dna tako da smatram da je \u0161teta ne iskoristiti taj period, cvije\u0107e i boje koje su u tom trenutku sezonske. Ja sam imala jesensko vjen\u010danje i cijelo vjen\u010danje je bilo u \u017euto-naran\u010dastim tonovima. Iako se na prvu \u010dini da nema puno izbora, u dogovoru sa dobrim cvje\u0107arom mo\u017eete jako puno toga napraviti. Ako pazite na bud\u017eet onda je to jo\u0161 jedan dodatni razlog jer je sezonsko cvije\u0107e uglavnom dosta povoljnije. Ja osobno nikad ne bih naru\u010divala neko posebno nesezonsko cvije\u0107e za svadbu.<\/p>\n<p>___<\/p>\n<p>Jesenske boje i cvije\u0107e su prekrasni i mislim da je \u0161teta \u0161to su nepravedno \u010desto zapostavljeni. Jesenske boje su \u010desto romanti\u010dnije od klasi\u010dnih kori\u0161tenih na vjen\u010danjima.<br \/>\nMislimd a se s ovim bojama mogu posti\u0107i dubina ali i elegancija. Prekrasan izbor.<\/p>\n","protected":false},"excerpt":{"rendered":"<p>Jesen je bogata specifi\u010dnim bojama te ako organizirate vjen\u010danje u jesen iskoristite upravo te boje. A jesen mo\u017ee biti i cijela tema vjen\u010danja.<\/p>\n","protected":false},"author":1,"featured_media":0,"comment_status":"open","ping_status":"open","sticky":false,"template":"","format":"standard","meta":{"footnotes":""},"categories":[31,29,199],"tags":[60,124,125,19],"class_list":["post-2031","post","type-post","status-publish","format-standard","hentry","category-cvijetni_aranzmani","category-boja_vjencanja","category-vjencanje","tag-cvijece-za-vjencanje","tag-pir","tag-svadba","tag-vjencanje"],"_links":{"self":[{"href":"https:\/\/vjencanja.covermagazin.com\/index.php?rest_route=\/wp\/v2\/posts\/2031","targetHints":{"allow":["GET"]}}],"collection":[{"href":"https:\/\/vjencanja.covermagazin.com\/index.php?rest_route=\/wp\/v2\/posts"}],"about":[{"href":"https:\/\/vjencanja.covermagazin.com\/index.php?rest_route=\/wp\/v2\/types\/post"}],"author":[{"embeddable":true,"href":"https:\/\/vjencanja.covermagazin.com\/index.php?rest_route=\/wp\/v2\/users\/1"}],"replies":[{"embeddable":true,"href":"https:\/\/vjencanja.covermagazin.com\/index.php?rest_route=%2Fwp%2Fv2%2Fcomments&post=2031"}],"version-history":[{"count":21,"href":"https:\/\/vjencanja.covermagazin.com\/index.php?rest_route=\/wp\/v2\/posts\/2031\/revisions"}],"predecessor-version":[{"id":7418,"href":"https:\/\/vjencanja.covermagazin.com\/index.php?rest_route=\/wp\/v2\/posts\/2031\/revisions\/7418"}],"wp:attachment":[{"href":"https:\/\/vjencanja.covermagazin.com\/index.php?rest_route=%2Fwp%2Fv2%2Fmedia&parent=2031"}],"wp:term":[{"taxonomy":"category","embeddable":true,"href":"https:\/\/vjencanja.covermagazin.com\/index.php?rest_route=%2Fwp%2Fv2%2Fcategories&post=2031"},{"taxonomy":"post_tag","embeddable":true,"href":"https:\/\/vjencanja.covermagazin.com\/index.php?rest_route=%2Fwp%2Fv2%2Ftags&post=2031"}],"curies":[{"name":"wp","href":"https:\/\/api.w.org\/{rel}","templated":true}]}}