{"id":1941,"date":"2018-07-23T06:51:42","date_gmt":"2018-07-23T04:51:42","guid":{"rendered":"http:\/\/vjencanja.covermagazin.com\/?p=1941"},"modified":"2018-07-23T14:13:51","modified_gmt":"2018-07-23T12:13:51","slug":"sto-odjenuti-preko-vjencanice","status":"publish","type":"post","link":"https:\/\/vjencanja.covermagazin.com\/?p=1941","title":{"rendered":"\u0160to odjenuti preko vjen\u010danice?!"},"content":{"rendered":"<h3><a href=\"https:\/\/vjencanja.covermagazin.com\/wp-content\/uploads\/2015\/03\/bolero.jpg\"><img loading=\"lazy\" decoding=\"async\" class=\"alignleft size-full wp-image-7240\" src=\"https:\/\/vjencanja.covermagazin.com\/wp-content\/uploads\/2015\/03\/bolero.jpg\" alt=\"\" width=\"600\" height=\"400\" \/><\/a><\/h3>\n<h3>\u0160to odjenuti preko vjen\u010danice?!<\/h3>\n<p>Ukoliko imate otvorenu vjen\u010danici vjerojatno \u0107e vam za crkveno vjen\u010danje trebati ne\u0161to \u0161to \u0107e va\u0161 look pretvoriti u konzervativan.<\/p>\n<p><a href=\"..\/wp-content\/uploads\/2009\/08\/vjencanice9.gif\"><img loading=\"lazy\" decoding=\"async\" style=\"border: 0pt none;\" title=\"vjencanice - \u0160to odjenuti preko vjen\u010danice?!\" src=\"..\/wp-content\/uploads\/2009\/08\/vjencanice9.gif\" alt=\"vjencanice - \u0160to odjenuti preko vjen\u010danice?!\" width=\"12\" height=\"12\" \/><\/a>\u00a0S druge strane ovu situaciju mo\u017eete iskoristiti kako bi imali malu promjenu stila od ceremonije do svadbene sve\u010danosti poslije.<\/p>\n<p><a href=\"..\/wp-content\/uploads\/2009\/08\/vjencanice9.gif\"><img loading=\"lazy\" decoding=\"async\" style=\"border: 0pt none;\" title=\"vjencanice - \u0160to odjenuti preko vjen\u010danice?!\" src=\"..\/wp-content\/uploads\/2009\/08\/vjencanice9.gif\" alt=\"vjencanice - \u0160to odjenuti preko vjen\u010danice?!\" width=\"12\" height=\"12\" \/><\/a>\u00a0Tanki bolero s nekim ukrasima mo\u017ee biti vrlo dobar izbor.<\/p>\n<p><a href=\"..\/wp-content\/uploads\/2009\/08\/vjencanice9.gif\"><img loading=\"lazy\" decoding=\"async\" style=\"border: 0pt none;\" title=\"vjencanice - \u0160to odjenuti preko vjen\u010danice?!\" src=\"..\/wp-content\/uploads\/2009\/08\/vjencanice9.gif\" alt=\"vjencanice - \u0160to odjenuti preko vjen\u010danice?!\" width=\"12\" height=\"12\" \/><\/a>S atenske haljine najbolje idu uz satenski veo \u2013 bolero koji \u0107ete jednostavno prebaciti preko ramena.<\/p>\n<p><a href=\"..\/wp-content\/uploads\/2009\/08\/vjencanice9.gif\"><img loading=\"lazy\" decoding=\"async\" style=\"border: 0pt none;\" title=\"vjencanice - \u0160to odjenuti preko vjen\u010danice?!\" src=\"..\/wp-content\/uploads\/2009\/08\/vjencanice9.gif\" alt=\"vjencanice - \u0160to odjenuti preko vjen\u010danice?!\" width=\"12\" height=\"12\" \/><\/a>\u00a0\u0160iroki \u0161al od odgovaraju\u0107eg materijala neutralan je i mo\u017ee poslu\u017eiti uz ve\u0107inu tipova vjen\u010danica.<\/p>\n<p><a href=\"..\/wp-content\/uploads\/2009\/08\/vjencanice9.gif\"><img loading=\"lazy\" decoding=\"async\" style=\"border: 0pt none;\" title=\"vjencanice - \u0160to odjenuti preko vjen\u010danice?!\" src=\"..\/wp-content\/uploads\/2009\/08\/vjencanice9.gif\" alt=\"vjencanice - \u0160to odjenuti preko vjen\u010danice?!\" width=\"12\" height=\"12\" \/><\/a>\u00a0Sako ili jakna od odgovaraju\u0107eg materijala mogu potpuno promijeniti stil vjen\u010danice. Iako se mo\u017eda ne \u010dini na prvi pogled oni mogu biti u kombinaciji s vjen\u010danicom prili\u010dno \u017eenstveni.<\/p>\n<p><a href=\"..\/wp-content\/uploads\/2009\/08\/vjencanice9.gif\"><img loading=\"lazy\" decoding=\"async\" style=\"border: 0pt none;\" title=\"vjencanice - \u0160to odjenuti preko vjen\u010danice?!\" src=\"..\/wp-content\/uploads\/2009\/08\/vjencanice9.gif\" alt=\"vjencanice - \u0160to odjenuti preko vjen\u010danice?!\" width=\"12\" height=\"12\" \/><\/a>\u00a0Ogrta\u010d od ka\u0161mira du\u017eine do poda mo\u017ee biti prakti\u010dan, vrlo luksuzan i elegantan izbor za zimska vjen\u010danja.<\/p>\n","protected":false},"excerpt":{"rendered":"<p>Ukoliko imate otvorenu vjen\u010danici vjerojatno \u0107e vam za crkveno vjen\u010danje trebati ne\u0161to \u0161to \u0107e va\u0161 look pretvoriti u konzervativan.<\/p>\n","protected":false},"author":1,"featured_media":0,"comment_status":"open","ping_status":"open","sticky":false,"template":"","format":"standard","meta":{"footnotes":""},"categories":[5],"tags":[138,124,125,142],"class_list":["post-1941","post","type-post","status-publish","format-standard","hentry","category-vjencanice","tag-mladenka","tag-pir","tag-svadba","tag-vjencanica"],"_links":{"self":[{"href":"https:\/\/vjencanja.covermagazin.com\/index.php?rest_route=\/wp\/v2\/posts\/1941","targetHints":{"allow":["GET"]}}],"collection":[{"href":"https:\/\/vjencanja.covermagazin.com\/index.php?rest_route=\/wp\/v2\/posts"}],"about":[{"href":"https:\/\/vjencanja.covermagazin.com\/index.php?rest_route=\/wp\/v2\/types\/post"}],"author":[{"embeddable":true,"href":"https:\/\/vjencanja.covermagazin.com\/index.php?rest_route=\/wp\/v2\/users\/1"}],"replies":[{"embeddable":true,"href":"https:\/\/vjencanja.covermagazin.com\/index.php?rest_route=%2Fwp%2Fv2%2Fcomments&post=1941"}],"version-history":[{"count":9,"href":"https:\/\/vjencanja.covermagazin.com\/index.php?rest_route=\/wp\/v2\/posts\/1941\/revisions"}],"predecessor-version":[{"id":7241,"href":"https:\/\/vjencanja.covermagazin.com\/index.php?rest_route=\/wp\/v2\/posts\/1941\/revisions\/7241"}],"wp:attachment":[{"href":"https:\/\/vjencanja.covermagazin.com\/index.php?rest_route=%2Fwp%2Fv2%2Fmedia&parent=1941"}],"wp:term":[{"taxonomy":"category","embeddable":true,"href":"https:\/\/vjencanja.covermagazin.com\/index.php?rest_route=%2Fwp%2Fv2%2Fcategories&post=1941"},{"taxonomy":"post_tag","embeddable":true,"href":"https:\/\/vjencanja.covermagazin.com\/index.php?rest_route=%2Fwp%2Fv2%2Ftags&post=1941"}],"curies":[{"name":"wp","href":"https:\/\/api.w.org\/{rel}","templated":true}]}}