{"id":1551,"date":"2017-04-06T13:43:45","date_gmt":"2017-04-06T11:43:45","guid":{"rendered":"http:\/\/vjencanja.covermagazin.com\/?p=1551"},"modified":"2017-04-06T13:43:45","modified_gmt":"2017-04-06T11:43:45","slug":"crne-vjencanice","status":"publish","type":"post","link":"https:\/\/vjencanja.covermagazin.com\/?p=1551","title":{"rendered":"Crne vjen\u010danice"},"content":{"rendered":"<p>Crna vjen\u010danica ponovo je u modi. Iako mislimo da su bijele vjen\u010danice oduvijek, one su u modu do\u0161le tek krajem devetnaestog stolje\u0107a i kroz dvadeseto stolje\u0107e. A na selima sve do sredine dvadesetog stolje\u0107a mladenke su se udavale u tradicionalnim vjen\u010danicama.<\/p>\n<p>Mo\u017eda vam se tako \u010dini, ali ne ma\u0161ta svaka djevojka o vjen\u010danju iz bajke u kojem \u0107e nositi bijelu vjen\u010danicu. Stoga je izbor crne haljine, iako vrlo osoban, sasvim normalan. Crna postaje vrlo trendi boja za haljine na vjen\u010danjima u 21. stolje\u0107u, ve\u0107 dugo je nose kume, a sve \u010de\u0161\u0107e i mladenke.<\/p>\n<p><a href=\"http:\/\/vjencanja.covermagazin.com\/wp-content\/uploads\/2009\/05\/crne-vjencanice-1.jpg\"><img loading=\"lazy\" decoding=\"async\" class=\"aligncenter size-full wp-image-1552\" title=\"crne-vjencanice-1\" src=\"http:\/\/vjencanja.covermagazin.com\/wp-content\/uploads\/2009\/05\/crne-vjencanice-1.jpg\" alt=\"crne-vjencanice-1\" width=\"400\" height=\"550\" \/><\/a><\/p>\n<p><a href=\"http:\/\/vjencanja.covermagazin.com\/wp-content\/uploads\/2009\/05\/crne-vjencanice-2.jpg\"><img loading=\"lazy\" decoding=\"async\" class=\"aligncenter size-full wp-image-1553\" title=\"crne-vjencanice-2\" src=\"http:\/\/vjencanja.covermagazin.com\/wp-content\/uploads\/2009\/05\/crne-vjencanice-2.jpg\" alt=\"crne-vjencanice-2\" width=\"430\" height=\"400\" \/><\/a><\/p>\n<p><a href=\"http:\/\/vjencanja.covermagazin.com\/wp-content\/uploads\/2009\/05\/crne-vjencanice-3.jpg\"><img loading=\"lazy\" decoding=\"async\" class=\"aligncenter size-full wp-image-1554\" title=\"crne-vjencanice-3\" src=\"http:\/\/vjencanja.covermagazin.com\/wp-content\/uploads\/2009\/05\/crne-vjencanice-3.jpg\" alt=\"crne-vjencanice-3\" width=\"400\" height=\"550\" \/><\/a><\/p>\n<p><a href=\"http:\/\/vjencanja.covermagazin.com\/wp-content\/uploads\/2009\/05\/crne-vjencanice-4.jpg\"><img loading=\"lazy\" decoding=\"async\" class=\"aligncenter size-full wp-image-1555\" title=\"crne-vjencanice-4\" src=\"http:\/\/vjencanja.covermagazin.com\/wp-content\/uploads\/2009\/05\/crne-vjencanice-4.jpg\" alt=\"crne-vjencanice-4\" width=\"400\" height=\"550\" \/><\/a><\/p>\n<p><a href=\"http:\/\/vjencanja.covermagazin.com\/wp-content\/uploads\/2009\/05\/crne-vjencanice-5.jpg\"><img loading=\"lazy\" decoding=\"async\" class=\"aligncenter size-full wp-image-1556\" title=\"crne-vjencanice-5\" src=\"http:\/\/vjencanja.covermagazin.com\/wp-content\/uploads\/2009\/05\/crne-vjencanice-5.jpg\" alt=\"crne-vjencanice-5\" width=\"400\" height=\"295\" \/><\/a><\/p>\n<p><a href=\"http:\/\/vjencanja.covermagazin.com\/wp-content\/uploads\/2009\/05\/crne-vjencanice-6.jpg\"><img loading=\"lazy\" decoding=\"async\" class=\"aligncenter size-full wp-image-1557\" title=\"crne-vjencanice-6\" src=\"http:\/\/vjencanja.covermagazin.com\/wp-content\/uploads\/2009\/05\/crne-vjencanice-6.jpg\" alt=\"crne-vjencanice-6\" width=\"400\" height=\"450\" \/><\/a><\/p>\n","protected":false},"excerpt":{"rendered":"<p>Crna vjen\u010danica ponovo je u modi. Iako mislimo da su bijele vjen\u010danice oduvijek, one su u modu do\u0161le tek krajem devetnaestog stolje\u0107a i kroz dvadeseto stolje\u0107e.  A na selima sve do sredine dvadesetog stolje\u0107a mladenke su se udavale u tradicionalnim vjen\u010danicama.<\/p>\n","protected":false},"author":1,"featured_media":0,"comment_status":"open","ping_status":"open","sticky":false,"template":"","format":"standard","meta":{"footnotes":""},"categories":[5],"tags":[124,125,189],"class_list":["post-1551","post","type-post","status-publish","format-standard","hentry","category-vjencanice","tag-pir","tag-svadba","tag-vjencanice"],"_links":{"self":[{"href":"https:\/\/vjencanja.covermagazin.com\/index.php?rest_route=\/wp\/v2\/posts\/1551","targetHints":{"allow":["GET"]}}],"collection":[{"href":"https:\/\/vjencanja.covermagazin.com\/index.php?rest_route=\/wp\/v2\/posts"}],"about":[{"href":"https:\/\/vjencanja.covermagazin.com\/index.php?rest_route=\/wp\/v2\/types\/post"}],"author":[{"embeddable":true,"href":"https:\/\/vjencanja.covermagazin.com\/index.php?rest_route=\/wp\/v2\/users\/1"}],"replies":[{"embeddable":true,"href":"https:\/\/vjencanja.covermagazin.com\/index.php?rest_route=%2Fwp%2Fv2%2Fcomments&post=1551"}],"version-history":[{"count":8,"href":"https:\/\/vjencanja.covermagazin.com\/index.php?rest_route=\/wp\/v2\/posts\/1551\/revisions"}],"predecessor-version":[{"id":6232,"href":"https:\/\/vjencanja.covermagazin.com\/index.php?rest_route=\/wp\/v2\/posts\/1551\/revisions\/6232"}],"wp:attachment":[{"href":"https:\/\/vjencanja.covermagazin.com\/index.php?rest_route=%2Fwp%2Fv2%2Fmedia&parent=1551"}],"wp:term":[{"taxonomy":"category","embeddable":true,"href":"https:\/\/vjencanja.covermagazin.com\/index.php?rest_route=%2Fwp%2Fv2%2Fcategories&post=1551"},{"taxonomy":"post_tag","embeddable":true,"href":"https:\/\/vjencanja.covermagazin.com\/index.php?rest_route=%2Fwp%2Fv2%2Ftags&post=1551"}],"curies":[{"name":"wp","href":"https:\/\/api.w.org\/{rel}","templated":true}]}}