{"id":129,"date":"2014-12-08T11:51:58","date_gmt":"2014-12-08T09:51:58","guid":{"rendered":"http:\/\/vjencanja.covermagazin.com\/?p=129"},"modified":"2014-12-08T11:51:58","modified_gmt":"2014-12-08T09:51:58","slug":"formalne-frizure-za-vjencanja","status":"publish","type":"post","link":"https:\/\/vjencanja.covermagazin.com\/?p=129","title":{"rendered":"Formalne frizure za vjen\u010danja"},"content":{"rendered":"<p>Formalne frizure za vjen\u010danja trebale bi biti jednostavne i elegantne, prikladne i za go\u0161\u0107e i mladenku, a ipak biti posebne i ostavljati dojam.<\/p>\n<p><a href=\"http:\/\/vjencanja.covermagazin.com\/wp-content\/uploads\/2009\/04\/formalne-frizure-za-vjencanja-1.jpg\"><img loading=\"lazy\" decoding=\"async\" class=\"aligncenter size-full wp-image-130\" title=\"formalne-frizure-za-vjencanja-1\" src=\"http:\/\/vjencanja.covermagazin.com\/wp-content\/uploads\/2009\/04\/formalne-frizure-za-vjencanja-1.jpg\" alt=\"formalne-frizure-za-vjencanja-1\" width=\"350\" height=\"450\" \/><\/a><\/p>\n<p><a href=\"http:\/\/vjencanja.covermagazin.com\/wp-content\/uploads\/2009\/04\/formalne-frizure-za-vjencanja-2.jpg\"><img loading=\"lazy\" decoding=\"async\" class=\"aligncenter size-full wp-image-131\" title=\"formalne-frizure-za-vjencanja-2\" src=\"http:\/\/vjencanja.covermagazin.com\/wp-content\/uploads\/2009\/04\/formalne-frizure-za-vjencanja-2.jpg\" alt=\"formalne-frizure-za-vjencanja-2\" width=\"350\" height=\"450\" \/><\/a><\/p>\n<p><a href=\"http:\/\/vjencanja.covermagazin.com\/wp-content\/uploads\/2009\/04\/formalne-frizure-za-vjencanja-3.jpg\"><img loading=\"lazy\" decoding=\"async\" class=\"aligncenter size-full wp-image-132\" title=\"Eva Longoria\" src=\"http:\/\/vjencanja.covermagazin.com\/wp-content\/uploads\/2009\/04\/formalne-frizure-za-vjencanja-3.jpg\" alt=\"Eva Longoria\" width=\"350\" height=\"450\" \/><\/a><\/p>\n<p><a href=\"http:\/\/vjencanja.covermagazin.com\/wp-content\/uploads\/2009\/04\/formalne-frizure-za-vjencanja-4.jpg\"><img loading=\"lazy\" decoding=\"async\" class=\"aligncenter size-full wp-image-133\" title=\"formalne-frizure-za-vjencanja-4\" src=\"http:\/\/vjencanja.covermagazin.com\/wp-content\/uploads\/2009\/04\/formalne-frizure-za-vjencanja-4.jpg\" alt=\"formalne-frizure-za-vjencanja-4\" width=\"350\" height=\"450\" \/><\/a><\/p>\n<p><a href=\"http:\/\/vjencanja.covermagazin.com\/wp-content\/uploads\/2009\/04\/formalne-frizure-za-vjencanja-5.jpg\"><img loading=\"lazy\" decoding=\"async\" class=\"aligncenter size-full wp-image-134\" title=\"formalne-frizure-za-vjencanja-5\" src=\"http:\/\/vjencanja.covermagazin.com\/wp-content\/uploads\/2009\/04\/formalne-frizure-za-vjencanja-5.jpg\" alt=\"formalne-frizure-za-vjencanja-5\" width=\"350\" height=\"450\" \/><\/a><\/p>\n<p><a href=\"http:\/\/vjencanja.covermagazin.com\/wp-content\/uploads\/2009\/04\/formalne-frizure-za-vjencanja-6.jpg\"><img loading=\"lazy\" decoding=\"async\" class=\"aligncenter size-full wp-image-135\" title=\"formalne-frizure-za-vjencanja-6\" src=\"http:\/\/vjencanja.covermagazin.com\/wp-content\/uploads\/2009\/04\/formalne-frizure-za-vjencanja-6.jpg\" alt=\"formalne-frizure-za-vjencanja-6\" width=\"350\" height=\"450\" \/><\/a><\/p>\n","protected":false},"excerpt":{"rendered":"<p>Formalne frizure za vjen\u010danja trebale bi biti jednostavne i elegantne, prikladne i za go\u0161\u0107e i mladenku, a ipak biti posebne i ostavljati dojam.<\/p>\n","protected":false},"author":1,"featured_media":0,"comment_status":"open","ping_status":"open","sticky":false,"template":"","format":"standard","meta":{"footnotes":""},"categories":[22,7],"tags":[158,36,124,125,20],"class_list":["post-129","post","type-post","status-publish","format-standard","hentry","category-frizure","category-gost_na_vjencanju","tag-frizure-za-mladenku","tag-frizure-za-vjencanja","tag-pir","tag-svadba","tag-vjencanja"],"_links":{"self":[{"href":"https:\/\/vjencanja.covermagazin.com\/index.php?rest_route=\/wp\/v2\/posts\/129","targetHints":{"allow":["GET"]}}],"collection":[{"href":"https:\/\/vjencanja.covermagazin.com\/index.php?rest_route=\/wp\/v2\/posts"}],"about":[{"href":"https:\/\/vjencanja.covermagazin.com\/index.php?rest_route=\/wp\/v2\/types\/post"}],"author":[{"embeddable":true,"href":"https:\/\/vjencanja.covermagazin.com\/index.php?rest_route=\/wp\/v2\/users\/1"}],"replies":[{"embeddable":true,"href":"https:\/\/vjencanja.covermagazin.com\/index.php?rest_route=%2Fwp%2Fv2%2Fcomments&post=129"}],"version-history":[{"count":17,"href":"https:\/\/vjencanja.covermagazin.com\/index.php?rest_route=\/wp\/v2\/posts\/129\/revisions"}],"predecessor-version":[{"id":5977,"href":"https:\/\/vjencanja.covermagazin.com\/index.php?rest_route=\/wp\/v2\/posts\/129\/revisions\/5977"}],"wp:attachment":[{"href":"https:\/\/vjencanja.covermagazin.com\/index.php?rest_route=%2Fwp%2Fv2%2Fmedia&parent=129"}],"wp:term":[{"taxonomy":"category","embeddable":true,"href":"https:\/\/vjencanja.covermagazin.com\/index.php?rest_route=%2Fwp%2Fv2%2Fcategories&post=129"},{"taxonomy":"post_tag","embeddable":true,"href":"https:\/\/vjencanja.covermagazin.com\/index.php?rest_route=%2Fwp%2Fv2%2Ftags&post=129"}],"curies":[{"name":"wp","href":"https:\/\/api.w.org\/{rel}","templated":true}]}}