{"id":1273,"date":"2017-03-04T01:56:07","date_gmt":"2017-03-03T23:56:07","guid":{"rendered":"http:\/\/vjencanja.covermagazin.com\/?p=1273"},"modified":"2017-03-04T01:56:07","modified_gmt":"2017-03-03T23:56:07","slug":"dizajnerski-veo-i-vjencanica","status":"publish","type":"post","link":"https:\/\/vjencanja.covermagazin.com\/?p=1273","title":{"rendered":"Dizajnerski veo i vjen\u010danica"},"content":{"rendered":"<p>Veo je toliko klasi\u010dan dodatak uz vjen\u010danicu da nikada ne izlazi iz mode. Kakav veo predla\u017eu svjetski dizajneri pogledajte ispod:<\/p>\n<figure id=\"attachment_1274\" aria-describedby=\"caption-attachment-1274\" style=\"width: 300px\" class=\"wp-caption aligncenter\"><a href=\"http:\/\/vjencanja.covermagazin.com\/wp-content\/uploads\/2009\/05\/kenneth-pool-vjencanice-za-jesen-2009-11.jpg\"><img loading=\"lazy\" decoding=\"async\" class=\"size-full wp-image-1274\" title=\"kenneth-pool-vjencanice-za-jesen-2009-11\" src=\"http:\/\/vjencanja.covermagazin.com\/wp-content\/uploads\/2009\/05\/kenneth-pool-vjencanice-za-jesen-2009-11.jpg\" alt=\"Kenneth Pool\" width=\"300\" height=\"450\" \/><\/a><figcaption id=\"caption-attachment-1274\" class=\"wp-caption-text\">Kenneth Pool<\/figcaption><\/figure>\n<figure id=\"attachment_1275\" aria-describedby=\"caption-attachment-1275\" style=\"width: 300px\" class=\"wp-caption aligncenter\"><a href=\"http:\/\/vjencanja.covermagazin.com\/wp-content\/uploads\/2009\/05\/reem-acra-vjencanice-za-jesen-i-zimu-2009.jpg\"><img loading=\"lazy\" decoding=\"async\" class=\"size-full wp-image-1275\" title=\"reem-acra-vjencanice-za-jesen-i-zimu-2009\" src=\"http:\/\/vjencanja.covermagazin.com\/wp-content\/uploads\/2009\/05\/reem-acra-vjencanice-za-jesen-i-zimu-2009.jpg\" alt=\"Reem Acra\" width=\"300\" height=\"450\" \/><\/a><figcaption id=\"caption-attachment-1275\" class=\"wp-caption-text\">Reem Acra<\/figcaption><\/figure>\n<figure id=\"attachment_1276\" aria-describedby=\"caption-attachment-1276\" style=\"width: 300px\" class=\"wp-caption aligncenter\"><a href=\"http:\/\/vjencanja.covermagazin.com\/wp-content\/uploads\/2009\/05\/oscar-de-la-renta-vjencanice-za-jesen-20091.jpg\"><img loading=\"lazy\" decoding=\"async\" class=\"size-full wp-image-1276\" title=\"oscar-de-la-renta-vjencanice-za-jesen-20091\" src=\"http:\/\/vjencanja.covermagazin.com\/wp-content\/uploads\/2009\/05\/oscar-de-la-renta-vjencanice-za-jesen-20091.jpg\" alt=\"Oscar de la Renta\" width=\"300\" height=\"450\" \/><\/a><figcaption id=\"caption-attachment-1276\" class=\"wp-caption-text\">Oscar de la Renta<\/figcaption><\/figure>\n<figure id=\"attachment_1277\" aria-describedby=\"caption-attachment-1277\" style=\"width: 300px\" class=\"wp-caption aligncenter\"><a href=\"http:\/\/vjencanja.covermagazin.com\/wp-content\/uploads\/2009\/05\/reem-acra-vjencanice-za-jesen-i-zimu-2009-21.jpg\"><img loading=\"lazy\" decoding=\"async\" class=\"size-full wp-image-1277\" title=\"reem-acra-vjencanice-za-jesen-i-zimu-2009-21\" src=\"http:\/\/vjencanja.covermagazin.com\/wp-content\/uploads\/2009\/05\/reem-acra-vjencanice-za-jesen-i-zimu-2009-21.jpg\" alt=\"Reem Acra\" width=\"300\" height=\"450\" \/><\/a><figcaption id=\"caption-attachment-1277\" class=\"wp-caption-text\">Reem Acra<\/figcaption><\/figure>\n<figure id=\"attachment_1278\" aria-describedby=\"caption-attachment-1278\" style=\"width: 300px\" class=\"wp-caption aligncenter\"><a href=\"http:\/\/vjencanja.covermagazin.com\/wp-content\/uploads\/2009\/05\/reem-acra-vjencanice-za-jesen-i-zimu-2009-31.jpg\"><img loading=\"lazy\" decoding=\"async\" class=\"size-full wp-image-1278\" title=\"reem-acra-vjencanice-za-jesen-i-zimu-2009-31\" src=\"http:\/\/vjencanja.covermagazin.com\/wp-content\/uploads\/2009\/05\/reem-acra-vjencanice-za-jesen-i-zimu-2009-31.jpg\" alt=\"Reem Acra \" width=\"300\" height=\"450\" \/><\/a><figcaption id=\"caption-attachment-1278\" class=\"wp-caption-text\">Reem Acra<\/figcaption><\/figure>\n","protected":false},"excerpt":{"rendered":"<p>Veo je toliko klasi\u010dan dodatak uz vjen\u010danicu da nikada ne izlazi iz mode. Kakav veo za jesen 2009. predla\u017eu svjetski dizajneri&#8230;<\/p>\n","protected":false},"author":1,"featured_media":0,"comment_status":"open","ping_status":"open","sticky":false,"template":"","format":"standard","meta":{"footnotes":""},"categories":[24],"tags":[124,125,189,20,19],"class_list":["post-1273","post","type-post","status-publish","format-standard","hentry","category-nakit","tag-pir","tag-svadba","tag-vjencanice","tag-vjencanja","tag-vjencanje"],"_links":{"self":[{"href":"https:\/\/vjencanja.covermagazin.com\/index.php?rest_route=\/wp\/v2\/posts\/1273","targetHints":{"allow":["GET"]}}],"collection":[{"href":"https:\/\/vjencanja.covermagazin.com\/index.php?rest_route=\/wp\/v2\/posts"}],"about":[{"href":"https:\/\/vjencanja.covermagazin.com\/index.php?rest_route=\/wp\/v2\/types\/post"}],"author":[{"embeddable":true,"href":"https:\/\/vjencanja.covermagazin.com\/index.php?rest_route=\/wp\/v2\/users\/1"}],"replies":[{"embeddable":true,"href":"https:\/\/vjencanja.covermagazin.com\/index.php?rest_route=%2Fwp%2Fv2%2Fcomments&post=1273"}],"version-history":[{"count":15,"href":"https:\/\/vjencanja.covermagazin.com\/index.php?rest_route=\/wp\/v2\/posts\/1273\/revisions"}],"predecessor-version":[{"id":6011,"href":"https:\/\/vjencanja.covermagazin.com\/index.php?rest_route=\/wp\/v2\/posts\/1273\/revisions\/6011"}],"wp:attachment":[{"href":"https:\/\/vjencanja.covermagazin.com\/index.php?rest_route=%2Fwp%2Fv2%2Fmedia&parent=1273"}],"wp:term":[{"taxonomy":"category","embeddable":true,"href":"https:\/\/vjencanja.covermagazin.com\/index.php?rest_route=%2Fwp%2Fv2%2Fcategories&post=1273"},{"taxonomy":"post_tag","embeddable":true,"href":"https:\/\/vjencanja.covermagazin.com\/index.php?rest_route=%2Fwp%2Fv2%2Ftags&post=1273"}],"curies":[{"name":"wp","href":"https:\/\/api.w.org\/{rel}","templated":true}]}}