{"id":1176,"date":"2010-03-08T08:06:16","date_gmt":"2010-03-08T06:06:16","guid":{"rendered":"http:\/\/vjencanja.covermagazin.com\/?p=1176"},"modified":"2012-11-11T11:59:17","modified_gmt":"2012-11-11T09:59:17","slug":"top-5-trendova-vjencanica-za-proljece-2010","status":"publish","type":"post","link":"https:\/\/vjencanja.covermagazin.com\/?p=1176","title":{"rendered":"Top 5 trendova vjen\u010danica za prolje\u0107e 2010."},"content":{"rendered":"<p>Top 5 trendova vjen\u010danica za prolje\u0107e 2010.<\/p>\n<p>Donosimo pet najuo\u010dljivijih trendova s modnih pista za vjen\u010danice prolje\u0107e 2010. najpoznatijih svjetskih dizajnera vjen\u010danica kao \u0161to su like Amsale, Monique Lhuillier i Angel Sanchez.<\/p>\n<p>-1- Angel Sanchez<\/p>\n<p><a href=\"http:\/\/vjencanja.covermagazin.com\/wp-content\/uploads\/2009\/05\/1-vjencanice-za-proljece-ljeto-2010.jpg\"><img loading=\"lazy\" decoding=\"async\" class=\"aligncenter size-full wp-image-1177\" title=\"1-vjencanice-za-proljece-ljeto-2010\" src=\"http:\/\/vjencanja.covermagazin.com\/wp-content\/uploads\/2009\/05\/1-vjencanice-za-proljece-ljeto-2010.jpg\" alt=\"1-vjencanice-za-proljece-ljeto-2010\" width=\"200\" height=\"400\" \/><\/a><br \/>\n-2- Melissa Sweet<\/p>\n<p><a href=\"http:\/\/vjencanja.covermagazin.com\/wp-content\/uploads\/2009\/05\/2-vjencanice-za-proljece-ljeto-2010.jpg\"><img loading=\"lazy\" decoding=\"async\" class=\"aligncenter size-full wp-image-1178\" title=\"2-vjencanice-za-proljece-ljeto-2010\" src=\"http:\/\/vjencanja.covermagazin.com\/wp-content\/uploads\/2009\/05\/2-vjencanice-za-proljece-ljeto-2010.jpg\" alt=\"2-vjencanice-za-proljece-ljeto-2010\" width=\"200\" height=\"400\" \/><\/a><br \/>\n-3- Oscar de la Renta<\/p>\n<p><a href=\"http:\/\/vjencanja.covermagazin.com\/wp-content\/uploads\/2009\/05\/3-vjencanice-za-proljece-ljeto-2010.jpg\"><img loading=\"lazy\" decoding=\"async\" class=\"aligncenter size-full wp-image-1179\" title=\"3-vjencanice-za-proljece-ljeto-2010\" src=\"http:\/\/vjencanja.covermagazin.com\/wp-content\/uploads\/2009\/05\/3-vjencanice-za-proljece-ljeto-2010.jpg\" alt=\"3-vjencanice-za-proljece-ljeto-2010\" width=\"200\" height=\"400\" \/><\/a><br \/>\n-4- Oscar de la Renta<\/p>\n<p><a href=\"http:\/\/vjencanja.covermagazin.com\/wp-content\/uploads\/2009\/05\/5-vjencanice-za-proljece-ljeto-2010.jpg\"><img loading=\"lazy\" decoding=\"async\" class=\"aligncenter size-full wp-image-1180\" title=\"5-vjencanice-za-proljece-ljeto-2010\" src=\"http:\/\/vjencanja.covermagazin.com\/wp-content\/uploads\/2009\/05\/5-vjencanice-za-proljece-ljeto-2010.jpg\" alt=\"5-vjencanice-za-proljece-ljeto-2010\" width=\"200\" height=\"400\" \/><\/a><br \/>\n-5- Melissa Sweet<\/p>\n","protected":false},"excerpt":{"rendered":"<p>Donosimo pet najuo\u010dljivijih trendova s modnih pista za vjen\u010danice prolje\u0107e 2010. najpoznatijih svjetskih dizajnera vjen\u010danica kao \u0161to su like Amsale, Monique Lhuillier i Angel Sanchez.<\/p>\n","protected":false},"author":1,"featured_media":0,"comment_status":"open","ping_status":"open","sticky":false,"template":"","format":"standard","meta":{"footnotes":""},"categories":[5,177],"tags":[124,125,189],"class_list":["post-1176","post","type-post","status-publish","format-standard","hentry","category-vjencanice","category-vjencanja-sezone","tag-pir","tag-svadba","tag-vjencanice"],"_links":{"self":[{"href":"https:\/\/vjencanja.covermagazin.com\/index.php?rest_route=\/wp\/v2\/posts\/1176","targetHints":{"allow":["GET"]}}],"collection":[{"href":"https:\/\/vjencanja.covermagazin.com\/index.php?rest_route=\/wp\/v2\/posts"}],"about":[{"href":"https:\/\/vjencanja.covermagazin.com\/index.php?rest_route=\/wp\/v2\/types\/post"}],"author":[{"embeddable":true,"href":"https:\/\/vjencanja.covermagazin.com\/index.php?rest_route=\/wp\/v2\/users\/1"}],"replies":[{"embeddable":true,"href":"https:\/\/vjencanja.covermagazin.com\/index.php?rest_route=%2Fwp%2Fv2%2Fcomments&post=1176"}],"version-history":[{"count":13,"href":"https:\/\/vjencanja.covermagazin.com\/index.php?rest_route=\/wp\/v2\/posts\/1176\/revisions"}],"predecessor-version":[{"id":6198,"href":"https:\/\/vjencanja.covermagazin.com\/index.php?rest_route=\/wp\/v2\/posts\/1176\/revisions\/6198"}],"wp:attachment":[{"href":"https:\/\/vjencanja.covermagazin.com\/index.php?rest_route=%2Fwp%2Fv2%2Fmedia&parent=1176"}],"wp:term":[{"taxonomy":"category","embeddable":true,"href":"https:\/\/vjencanja.covermagazin.com\/index.php?rest_route=%2Fwp%2Fv2%2Fcategories&post=1176"},{"taxonomy":"post_tag","embeddable":true,"href":"https:\/\/vjencanja.covermagazin.com\/index.php?rest_route=%2Fwp%2Fv2%2Ftags&post=1176"}],"curies":[{"name":"wp","href":"https:\/\/api.w.org\/{rel}","templated":true}]}}