{"id":1128,"date":"2015-12-27T12:24:45","date_gmt":"2015-12-27T10:24:45","guid":{"rendered":"http:\/\/vjencanja.covermagazin.com\/?p=1128"},"modified":"2015-12-27T12:24:45","modified_gmt":"2015-12-27T10:24:45","slug":"frizure-za-mladenke-trudnice","status":"publish","type":"post","link":"https:\/\/vjencanja.covermagazin.com\/?p=1128","title":{"rendered":"Frizure za mladenke trudnice"},"content":{"rendered":"<p><a href=\"http:\/\/vjencanja.covermagazin.com\/wp-content\/uploads\/2009\/05\/frizure-za-mladenke-trudnice-1-1.jpg\"><img loading=\"lazy\" decoding=\"async\" class=\"aligncenter size-full wp-image-1129\" title=\"frizure-za-mladenke-trudnice-1-1\" src=\"http:\/\/vjencanja.covermagazin.com\/wp-content\/uploads\/2009\/05\/frizure-za-mladenke-trudnice-1-1.jpg\" alt=\"frizure-za-mladenke-trudnice-1-1\" width=\"550\" height=\"350\" \/><\/a><\/p>\n<p>Ve\u0107ina sve\u010danih frizura pristaje i trudnicama mladenkama, ali budu\u0107i da se lice za vrijeme trudno\u0107e mijenja vrlo je va\u017eno prona\u0107i onu koja \u0107e vam nabolje pristajati.<\/p>\n<p>Neke \u017eene za vrijeme trudno\u0107e do\u017eive rast kose i imaju sjajniju i zdraviju kosu nego ikada, dok nasuprot kod nekih se kosa stanji i postaje isu\u0161ena, pa je dobro biti informiran i pripremljen.<\/p>\n<p>Trudno\u0107a mo\u017ee ponekad potpuno promijeniti va\u0161u kosu. Ravna mo\u017ee postati kovr\u010dava, a kovr\u010dava ravna, a ako vam se to i ne dogodi u trudno\u0107i \u0107ete sigurno imati problema s ukro\u0107ivanjem kose stoga su za mladenke trudnice nabolje jednostavne frizure koje ne zahtijevaju veliku postojanost. S druge strane budu\u0107i da su trudnice osjetljivije na mirise sigurno ne\u0107ete mo\u0107i podnijeti mnogo laka u kosi.\u00a0 \u010cak i oni bezmirisni \u0107e vam smetati.<\/p>\n<p>Najjednostavnije bi bilo kosu ostaviti \u0161to prirodnijom, a\u00a0 ukrasiti je i u\u010dvrstiti \u0161nalama, cvjeti\u0107ima ili kop\u010dama.<\/p>\n<p><a href=\"http:\/\/vjencanja.covermagazin.com\/wp-content\/uploads\/2009\/05\/frizure-za-mladenke-trudnice-1.jpg\"><img loading=\"lazy\" decoding=\"async\" class=\"aligncenter size-full wp-image-1130\" title=\"frizure-za-mladenke-trudnice-1\" src=\"http:\/\/vjencanja.covermagazin.com\/wp-content\/uploads\/2009\/05\/frizure-za-mladenke-trudnice-1.jpg\" alt=\"frizure-za-mladenke-trudnice-1\" width=\"250\" height=\"300\" \/><\/a><\/p>\n<p><a href=\"http:\/\/vjencanja.covermagazin.com\/wp-content\/uploads\/2009\/05\/frizure-za-mladenke-trudnice-2.jpg\"><img loading=\"lazy\" decoding=\"async\" class=\"aligncenter size-full wp-image-1131\" title=\"frizure-za-mladenke-trudnice-2\" src=\"http:\/\/vjencanja.covermagazin.com\/wp-content\/uploads\/2009\/05\/frizure-za-mladenke-trudnice-2.jpg\" alt=\"frizure-za-mladenke-trudnice-2\" width=\"250\" height=\"295\" \/><\/a><\/p>\n<p><a href=\"http:\/\/vjencanja.covermagazin.com\/wp-content\/uploads\/2009\/05\/frizure-za-mladenke-trudnice-4.jpg\"><img loading=\"lazy\" decoding=\"async\" class=\"aligncenter size-full wp-image-1132\" title=\"frizure-za-mladenke-trudnice-4\" src=\"http:\/\/vjencanja.covermagazin.com\/wp-content\/uploads\/2009\/05\/frizure-za-mladenke-trudnice-4.jpg\" alt=\"frizure-za-mladenke-trudnice-4\" width=\"250\" height=\"300\" \/><\/a><\/p>\n<p><a href=\"http:\/\/vjencanja.covermagazin.com\/wp-content\/uploads\/2009\/05\/frizure-za-mladenke-trudnice-5.jpg\"><img loading=\"lazy\" decoding=\"async\" class=\"aligncenter size-full wp-image-1133\" title=\"frizure-za-mladenke-trudnice-5\" src=\"http:\/\/vjencanja.covermagazin.com\/wp-content\/uploads\/2009\/05\/frizure-za-mladenke-trudnice-5.jpg\" alt=\"frizure-za-mladenke-trudnice-5\" width=\"250\" height=\"300\" \/><\/a><\/p>\n","protected":false},"excerpt":{"rendered":"<p>Ve\u0107ina sve\u010danih frizura pristaje i trudnicama mladenkama, ali budu\u0107i da se lice za vrijeme trudno\u0107e mijenja vrlo je va\u017eno prona\u0107i onu koja \u0107e vam nabolje pristajati.<\/p>\n","protected":false},"author":1,"featured_media":0,"comment_status":"open","ping_status":"open","sticky":false,"template":"","format":"standard","meta":{"footnotes":""},"categories":[22,9],"tags":[158,36,124,125],"class_list":["post-1128","post","type-post","status-publish","format-standard","hentry","category-frizure","category-trudnice","tag-frizure-za-mladenku","tag-frizure-za-vjencanja","tag-pir","tag-svadba"],"_links":{"self":[{"href":"https:\/\/vjencanja.covermagazin.com\/index.php?rest_route=\/wp\/v2\/posts\/1128","targetHints":{"allow":["GET"]}}],"collection":[{"href":"https:\/\/vjencanja.covermagazin.com\/index.php?rest_route=\/wp\/v2\/posts"}],"about":[{"href":"https:\/\/vjencanja.covermagazin.com\/index.php?rest_route=\/wp\/v2\/types\/post"}],"author":[{"embeddable":true,"href":"https:\/\/vjencanja.covermagazin.com\/index.php?rest_route=\/wp\/v2\/users\/1"}],"replies":[{"embeddable":true,"href":"https:\/\/vjencanja.covermagazin.com\/index.php?rest_route=%2Fwp%2Fv2%2Fcomments&post=1128"}],"version-history":[{"count":14,"href":"https:\/\/vjencanja.covermagazin.com\/index.php?rest_route=\/wp\/v2\/posts\/1128\/revisions"}],"predecessor-version":[{"id":1135,"href":"https:\/\/vjencanja.covermagazin.com\/index.php?rest_route=\/wp\/v2\/posts\/1128\/revisions\/1135"}],"wp:attachment":[{"href":"https:\/\/vjencanja.covermagazin.com\/index.php?rest_route=%2Fwp%2Fv2%2Fmedia&parent=1128"}],"wp:term":[{"taxonomy":"category","embeddable":true,"href":"https:\/\/vjencanja.covermagazin.com\/index.php?rest_route=%2Fwp%2Fv2%2Fcategories&post=1128"},{"taxonomy":"post_tag","embeddable":true,"href":"https:\/\/vjencanja.covermagazin.com\/index.php?rest_route=%2Fwp%2Fv2%2Ftags&post=1128"}],"curies":[{"name":"wp","href":"https:\/\/api.w.org\/{rel}","templated":true}]}}