{"id":1118,"date":"2022-05-13T12:02:07","date_gmt":"2022-05-13T10:02:07","guid":{"rendered":"http:\/\/vjencanja.covermagazin.com\/?p=1118"},"modified":"2022-05-13T12:02:50","modified_gmt":"2022-05-13T10:02:50","slug":"bijelo-odijelo-za-mladozenju","status":"publish","type":"post","link":"https:\/\/vjencanja.covermagazin.com\/?p=1118","title":{"rendered":"Bijelo odijelo za mlado\u017eenju"},"content":{"rendered":"\n<p><a href=\"https:\/\/vjencanja.covermagazin.com\/wp-content\/uploads\/2018\/01\/bijelo_odijelo_za_mladozenju.jpg\"><img loading=\"lazy\" decoding=\"async\" class=\"alignleft size-full wp-image-7092\" src=\"https:\/\/vjencanja.covermagazin.com\/wp-content\/uploads\/2018\/01\/bijelo_odijelo_za_mladozenju.jpg\" alt=\"\" width=\"600\" height=\"400\"><\/a><\/p>\n\n\n\n<h2 class=\"wp-block-heading\">Bijelo odijelo za mlado\u017eenju<\/h2>\n\n\n\n<p>Boja odijela za mlado\u017eenju nije strogo definirana te uglavnom ovisi o preferencijama mladenaca. Za moderan stil, mlado\u017eenje ponekad biraju bijelo odijelo. Na taj na\u010din on i mladenka \u010dini prekrasan skladan par.<\/p>\n\n\n\n<p>To naravno mo\u017ee biti u cijelosti bijela kombinacija, ili s nekim uzorkom i sli\u010dno, kao \u0161to mo\u017ee biti i kombinacija boja. No, naj\u010de\u0161\u0107e kada se radi o izboru bijelog odijela za mlado\u017eenju ona uklju\u010duje i bijelu ko\u0161ulju i bijelu kravatu. <\/p>\n\n\n\n<p>Nijanse bijele bije se tako\u0111er mogu razlikovati pri izboru bijelog odijela, te u pravilu bi nijansa trebala biti uskla\u0111ena s mladenkinom vjen\u010danicom.<\/p>\n\n\n\n<p>Bijela odijela mogu varirati u svom dojmu. S jedne strane su elegantna bijela odijela, dok su s druge strane bijela odijela koja su opu\u0161tena i le\u017eerna. Mnoga odijela \u0107e biti izme\u0111u ove dvije krajnosti. No, pri izboru bijelog odijela za vjen\u010danje bitno je uzeti u obzir da postoje varijante i da se trebate odlu\u010diti koji tip odijela \u017eelite.<\/p>\n\n\n\n<p>Bijelo elegantno odijelo mo\u017ee, ali ne mora uklju\u010divati i prsluk, ali ima sve karakteristike kroja i stila klasi\u010dnog elegantnog odijela. Uz njega se kombiniraju ko\u0161ulja i svilena kravata.<\/p>\n\n\n\n<p>Na drugoj strani su bijela lanena odijela, uglavnom le\u017eernog i opu\u0161tenog kroja, te su prikladni za opu\u0161tena vjen\u010danja, na pla\u017ei i sli\u010dno. Ovakva odijela nisu prikladna za elegantne ceremonije.<\/p>\n\n\n\n<p>Bijela boja se definitivno ve\u017ee uz vjen\u010danja, no, to se u pravilu misli uz mladenku. Mlado\u017eenje u bijelim odijelima su ipak rijetkost i iznimke, te na to se treba ra\u010dunati.<\/p>\n\n\n\n<p>Ono na \u0161to se treba obratiti pa\u017enja ako se mlado\u017eenja odlu\u010di za odijelo u bijeloj boji je da boja odijela odnosno tonalitet odijela bira u dogovoru s mladenkom, odnosno u skladu s njenom vjen\u010danicom. <\/p>\n\n\n\n<p><em>Stvarne mladenke ka\u017eu:<\/em><\/p>\n\n\n\n<p>Iako mo\u017ee na nekim mu\u0161karcima izgledati skroz dobro, ja nisam tip koji voli vidjeti bijelo odijelo na vjen\u010danju. Mo\u017eda u nekoj dobroj kombinaciji, mo\u017eda u skladu s mladenkom, ali nekako preferiram druge boje odijela umjesto bijelog odijela za mlado\u017eenju na vjen\u010danju.<\/p>\n","protected":false},"excerpt":{"rendered":"<p>Boja odijela za mlado\u017eenju nije strogo definirana te uglavnom ovisi o preferencijama mladenaca. Za moderan stil&#8230;<\/p>\n","protected":false},"author":1,"featured_media":0,"comment_status":"open","ping_status":"open","sticky":false,"template":"","format":"standard","meta":{"footnotes":""},"categories":[34,199],"tags":[42,103,104,124,125],"class_list":["post-1118","post","type-post","status-publish","format-standard","hentry","category-odjela_mladozenja","category-vjencanje","tag-muska-odjela-za-vjencanje","tag-musko-odijelo","tag-odijelo-za-mladozenju","tag-pir","tag-svadba"],"_links":{"self":[{"href":"https:\/\/vjencanja.covermagazin.com\/index.php?rest_route=\/wp\/v2\/posts\/1118","targetHints":{"allow":["GET"]}}],"collection":[{"href":"https:\/\/vjencanja.covermagazin.com\/index.php?rest_route=\/wp\/v2\/posts"}],"about":[{"href":"https:\/\/vjencanja.covermagazin.com\/index.php?rest_route=\/wp\/v2\/types\/post"}],"author":[{"embeddable":true,"href":"https:\/\/vjencanja.covermagazin.com\/index.php?rest_route=\/wp\/v2\/users\/1"}],"replies":[{"embeddable":true,"href":"https:\/\/vjencanja.covermagazin.com\/index.php?rest_route=%2Fwp%2Fv2%2Fcomments&post=1118"}],"version-history":[{"count":16,"href":"https:\/\/vjencanja.covermagazin.com\/index.php?rest_route=\/wp\/v2\/posts\/1118\/revisions"}],"predecessor-version":[{"id":7537,"href":"https:\/\/vjencanja.covermagazin.com\/index.php?rest_route=\/wp\/v2\/posts\/1118\/revisions\/7537"}],"wp:attachment":[{"href":"https:\/\/vjencanja.covermagazin.com\/index.php?rest_route=%2Fwp%2Fv2%2Fmedia&parent=1118"}],"wp:term":[{"taxonomy":"category","embeddable":true,"href":"https:\/\/vjencanja.covermagazin.com\/index.php?rest_route=%2Fwp%2Fv2%2Fcategories&post=1118"},{"taxonomy":"post_tag","embeddable":true,"href":"https:\/\/vjencanja.covermagazin.com\/index.php?rest_route=%2Fwp%2Fv2%2Ftags&post=1118"}],"curies":[{"name":"wp","href":"https:\/\/api.w.org\/{rel}","templated":true}]}}