{"id":1105,"date":"2016-04-26T14:20:45","date_gmt":"2016-04-26T12:20:45","guid":{"rendered":"http:\/\/vjencanja.covermagazin.com\/?p=1105"},"modified":"2016-04-26T14:20:45","modified_gmt":"2016-04-26T12:20:45","slug":"svijetla-odjela-za-mladozenju","status":"publish","type":"post","link":"https:\/\/vjencanja.covermagazin.com\/?p=1105","title":{"rendered":"Svijetla odjela za mlado\u017eenju"},"content":{"rendered":"<p><a href=\"http:\/\/vjencanja.covermagazin.com\/wp-content\/uploads\/2009\/05\/svijetla-odjela-za-mladozenju.jpg\"><img loading=\"lazy\" decoding=\"async\" class=\"alignleft size-full wp-image-1106\" title=\"svijetla-odjela-za-mladozenju\" src=\"http:\/\/vjencanja.covermagazin.com\/wp-content\/uploads\/2009\/05\/svijetla-odjela-za-mladozenju.jpg\" alt=\"svijetla-odjela-za-mladozenju\" width=\"340\" height=\"340\" \/><\/a>Ukoliko ne \u017eelite klasi\u010dno crno ili uop\u0107e tamno odijelo mo\u017eete se odlu\u010diti za neko be\u017e boje ili sivo. Osim bijelih odjela, svijetle boje \u010desto djeluju sportski elegantno, stoga ako to vi\u0161e odgovara va\u0161em tipu ceremonije i vjen\u010danja mo\u017eete izabrati neko poput slijede\u0107ih:<\/p>\n<p><a href=\"http:\/\/vjencanja.covermagazin.com\/wp-content\/uploads\/2009\/05\/svijetla-odjela-za-mladozenju-1.jpg\"><img loading=\"lazy\" decoding=\"async\" class=\"alignleft size-full wp-image-1107\" title=\"svijetla-odjela-za-mladozenju-1\" src=\"http:\/\/vjencanja.covermagazin.com\/wp-content\/uploads\/2009\/05\/svijetla-odjela-za-mladozenju-1.jpg\" alt=\"svijetla-odjela-za-mladozenju-1\" width=\"250\" height=\"350\" \/><\/a><a href=\"http:\/\/vjencanja.covermagazin.com\/wp-content\/uploads\/2009\/05\/svijetla-odjela-za-mladozenju-2.jpg\"><img loading=\"lazy\" decoding=\"async\" class=\"alignleft size-full wp-image-1108\" title=\"svijetla-odjela-za-mladozenju-2\" src=\"http:\/\/vjencanja.covermagazin.com\/wp-content\/uploads\/2009\/05\/svijetla-odjela-za-mladozenju-2.jpg\" alt=\"svijetla-odjela-za-mladozenju-2\" width=\"250\" height=\"350\" \/><\/a><\/p>\n<figure id=\"attachment_1109\" aria-describedby=\"caption-attachment-1109\" style=\"width: 222px\" class=\"wp-caption alignleft\"><a href=\"http:\/\/vjencanja.covermagazin.com\/wp-content\/uploads\/2009\/05\/calvin-klein1.jpg\"><img loading=\"lazy\" decoding=\"async\" class=\"size-full wp-image-1109\" title=\"calvin-klein1\" src=\"http:\/\/vjencanja.covermagazin.com\/wp-content\/uploads\/2009\/05\/calvin-klein1.jpg\" alt=\"Calvin Klein\" width=\"222\" height=\"340\" \/><\/a><figcaption id=\"caption-attachment-1109\" class=\"wp-caption-text\">Calvin Klein<\/figcaption><\/figure>\n<figure id=\"attachment_1110\" aria-describedby=\"caption-attachment-1110\" style=\"width: 205px\" class=\"wp-caption alignleft\"><a href=\"http:\/\/vjencanja.covermagazin.com\/wp-content\/uploads\/2009\/05\/kenneth-cole.jpg\"><img loading=\"lazy\" decoding=\"async\" class=\"size-full wp-image-1110\" title=\"kenneth-cole\" src=\"http:\/\/vjencanja.covermagazin.com\/wp-content\/uploads\/2009\/05\/kenneth-cole.jpg\" alt=\"Kenneth Cole\" width=\"205\" height=\"340\" \/><\/a><figcaption id=\"caption-attachment-1110\" class=\"wp-caption-text\">Kenneth Cole<\/figcaption><\/figure>\n","protected":false},"excerpt":{"rendered":"<p>Ukoliko ne \u017eelite klasi\u010dno crno ili uop\u0107e tamno odijelo mo\u017eete se odlu\u010diti za neko be\u017e boje ili sivo. Osim bijelih odjela, svijetle boje \u010desto djeluju sportski elegantno, stoga ako to vi\u0161e odgovara va\u0161em tipu ceremonije i vjen\u010danja mo\u017eete izabrati neko poput slijede\u0107ih:<\/p>\n","protected":false},"author":1,"featured_media":0,"comment_status":"open","ping_status":"open","sticky":false,"template":"","format":"standard","meta":{"footnotes":""},"categories":[34],"tags":[42,103,104,124,125],"class_list":["post-1105","post","type-post","status-publish","format-standard","hentry","category-odjela_mladozenja","tag-muska-odjela-za-vjencanje","tag-musko-odijelo","tag-odijelo-za-mladozenju","tag-pir","tag-svadba"],"_links":{"self":[{"href":"https:\/\/vjencanja.covermagazin.com\/index.php?rest_route=\/wp\/v2\/posts\/1105","targetHints":{"allow":["GET"]}}],"collection":[{"href":"https:\/\/vjencanja.covermagazin.com\/index.php?rest_route=\/wp\/v2\/posts"}],"about":[{"href":"https:\/\/vjencanja.covermagazin.com\/index.php?rest_route=\/wp\/v2\/types\/post"}],"author":[{"embeddable":true,"href":"https:\/\/vjencanja.covermagazin.com\/index.php?rest_route=\/wp\/v2\/users\/1"}],"replies":[{"embeddable":true,"href":"https:\/\/vjencanja.covermagazin.com\/index.php?rest_route=%2Fwp%2Fv2%2Fcomments&post=1105"}],"version-history":[{"count":9,"href":"https:\/\/vjencanja.covermagazin.com\/index.php?rest_route=\/wp\/v2\/posts\/1105\/revisions"}],"predecessor-version":[{"id":5800,"href":"https:\/\/vjencanja.covermagazin.com\/index.php?rest_route=\/wp\/v2\/posts\/1105\/revisions\/5800"}],"wp:attachment":[{"href":"https:\/\/vjencanja.covermagazin.com\/index.php?rest_route=%2Fwp%2Fv2%2Fmedia&parent=1105"}],"wp:term":[{"taxonomy":"category","embeddable":true,"href":"https:\/\/vjencanja.covermagazin.com\/index.php?rest_route=%2Fwp%2Fv2%2Fcategories&post=1105"},{"taxonomy":"post_tag","embeddable":true,"href":"https:\/\/vjencanja.covermagazin.com\/index.php?rest_route=%2Fwp%2Fv2%2Ftags&post=1105"}],"curies":[{"name":"wp","href":"https:\/\/api.w.org\/{rel}","templated":true}]}}