{"id":1069,"date":"2016-07-26T07:50:01","date_gmt":"2016-07-26T05:50:01","guid":{"rendered":"http:\/\/vjencanja.covermagazin.com\/?p=1069"},"modified":"2016-07-26T07:50:01","modified_gmt":"2016-07-26T05:50:01","slug":"hugo-boss-muska-odjela","status":"publish","type":"post","link":"https:\/\/vjencanja.covermagazin.com\/?p=1069","title":{"rendered":"Hugo Boss mu\u0161ka odjela"},"content":{"rendered":"<p>&nbsp;<\/p>\n<p><a href=\"http:\/\/vjencanja.covermagazin.com\/wp-content\/uploads\/2009\/05\/hugo-boss-muska-odjela-a.jpg\"><img loading=\"lazy\" decoding=\"async\" class=\"size-full wp-image-1072 alignnone\" title=\"hugo-boss-muska-odjela-a\" src=\"http:\/\/vjencanja.covermagazin.com\/wp-content\/uploads\/2009\/05\/hugo-boss-muska-odjela-a.jpg\" alt=\"hugo-boss-muska-odjela-a\" width=\"313\" height=\"389\" \/><\/a><\/p>\n<p style=\"text-align: left;\">Hugo Boss mu\u0161ko odijelo zna\u010di klasi\u010dan stil, ne\u0161to po \u010demu se ne\u0107ete razlikovati od drugih, ali \u0107ete dobro izgledati. Uz ovakva klasi\u010dna crna Hugo Boss mu\u0161ka odjela skoro sve boje kravate \u0107e vam jako dobro odgovarati, stoga se ne morate brinuti oko toga.<\/p>\n<p><a href=\"http:\/\/vjencanja.covermagazin.com\/wp-content\/uploads\/2009\/05\/hugo-boss-muska-odjela.jpg\"><img loading=\"lazy\" decoding=\"async\" class=\"size-full wp-image-1071 alignleft\" title=\"hugo-boss-muska-odjela\" src=\"http:\/\/vjencanja.covermagazin.com\/wp-content\/uploads\/2009\/05\/hugo-boss-muska-odjela.jpg\" alt=\"hugo-boss-muska-odjela\" width=\"250\" height=\"350\" \/><\/a><\/p>\n<p><a href=\"http:\/\/vjencanja.covermagazin.com\/wp-content\/uploads\/2009\/05\/hugo-boss-muska-odjela-1.jpg\"><img loading=\"lazy\" decoding=\"async\" class=\"aligncenter size-full wp-image-1074\" title=\"hugo-boss-muska-odjela-1\" src=\"http:\/\/vjencanja.covermagazin.com\/wp-content\/uploads\/2009\/05\/hugo-boss-muska-odjela-1.jpg\" alt=\"hugo-boss-muska-odjela-1\" width=\"250\" height=\"350\" \/><\/a><a href=\"http:\/\/vjencanja.covermagazin.com\/wp-content\/uploads\/2009\/05\/hugo-boss-muska-odjela-3.jpg\"><img loading=\"lazy\" decoding=\"async\" class=\"size-full wp-image-1076 alignleft\" title=\"hugo-boss-muska-odjela-3\" src=\"http:\/\/vjencanja.covermagazin.com\/wp-content\/uploads\/2009\/05\/hugo-boss-muska-odjela-3.jpg\" alt=\"hugo-boss-muska-odjela-3\" width=\"250\" height=\"350\" \/><\/a><a href=\"http:\/\/vjencanja.covermagazin.com\/wp-content\/uploads\/2009\/05\/hugo-boss-muska-odjela-21.jpg\"><img loading=\"lazy\" decoding=\"async\" class=\"aligncenter size-full wp-image-1082\" title=\"hugo-boss-muska-odjela-21\" src=\"http:\/\/vjencanja.covermagazin.com\/wp-content\/uploads\/2009\/05\/hugo-boss-muska-odjela-21.jpg\" alt=\"hugo-boss-muska-odjela-21\" width=\"250\" height=\"350\" \/><\/a><\/p>\n","protected":false},"excerpt":{"rendered":"<p>&nbsp; Hugo Boss mu\u0161ko odijelo zna\u010di klasi\u010dan stil, ne\u0161to po \u010demu se ne\u0107ete razlikovati od drugih, ali \u0107ete dobro izgledati. Uz ovakva klasi\u010dna crna Hugo Boss mu\u0161ka odjela skoro sve boje kravate \u0107e vam jako dobro odgovarati, stoga se ne morate brinuti oko toga.<\/p>\n","protected":false},"author":1,"featured_media":0,"comment_status":"open","ping_status":"open","sticky":false,"template":"","format":"standard","meta":{"footnotes":""},"categories":[34],"tags":[103,104,124,125],"class_list":["post-1069","post","type-post","status-publish","format-standard","hentry","category-odjela_mladozenja","tag-musko-odijelo","tag-odijelo-za-mladozenju","tag-pir","tag-svadba"],"_links":{"self":[{"href":"https:\/\/vjencanja.covermagazin.com\/index.php?rest_route=\/wp\/v2\/posts\/1069","targetHints":{"allow":["GET"]}}],"collection":[{"href":"https:\/\/vjencanja.covermagazin.com\/index.php?rest_route=\/wp\/v2\/posts"}],"about":[{"href":"https:\/\/vjencanja.covermagazin.com\/index.php?rest_route=\/wp\/v2\/types\/post"}],"author":[{"embeddable":true,"href":"https:\/\/vjencanja.covermagazin.com\/index.php?rest_route=\/wp\/v2\/users\/1"}],"replies":[{"embeddable":true,"href":"https:\/\/vjencanja.covermagazin.com\/index.php?rest_route=%2Fwp%2Fv2%2Fcomments&post=1069"}],"version-history":[{"count":16,"href":"https:\/\/vjencanja.covermagazin.com\/index.php?rest_route=\/wp\/v2\/posts\/1069\/revisions"}],"predecessor-version":[{"id":5662,"href":"https:\/\/vjencanja.covermagazin.com\/index.php?rest_route=\/wp\/v2\/posts\/1069\/revisions\/5662"}],"wp:attachment":[{"href":"https:\/\/vjencanja.covermagazin.com\/index.php?rest_route=%2Fwp%2Fv2%2Fmedia&parent=1069"}],"wp:term":[{"taxonomy":"category","embeddable":true,"href":"https:\/\/vjencanja.covermagazin.com\/index.php?rest_route=%2Fwp%2Fv2%2Fcategories&post=1069"},{"taxonomy":"post_tag","embeddable":true,"href":"https:\/\/vjencanja.covermagazin.com\/index.php?rest_route=%2Fwp%2Fv2%2Ftags&post=1069"}],"curies":[{"name":"wp","href":"https:\/\/api.w.org\/{rel}","templated":true}]}}